{"id":15649,"date":"2020-07-30T15:42:59","date_gmt":"2020-07-30T20:42:59","guid":{"rendered":"http:\/\/www.zonaroja.com.mx\/?p=15649"},"modified":"2020-07-30T15:43:02","modified_gmt":"2020-07-30T20:43:02","slug":"ante-desatencion-normalistas-intensifican-protestas-para-exigir-aprobacion-del-semestre","status":"publish","type":"post","link":"https:\/\/zonaroja.com.mx\/?p=15649","title":{"rendered":"Ante desatenci\u00f3n, normalistas intensifican protestas para exigir aprobaci\u00f3n del semestre"},"content":{"rendered":"\n<p>Yuridiana Sosa\/Zona Roja.<\/p>\n\n\n\n<p>Oaxaca de Ju\u00e1rez, Oax., 30 de julio de\n2020.-&nbsp; Estudiantes normalistas,\nprincipalmente del Centro Regional de Educaci\u00f3n Normal de Oaxaca (CRENO), se\napoderaron de camiones urbanos para cercar el Centro Hist\u00f3rico de la capital\npara exigir el reconocimiento del semestre reci\u00e9n culminado. <\/p>\n\n\n\n<p>Ante la desatenci\u00f3n por parte del\nInstituto Estatal de Educaci\u00f3n P\u00fablica de Oaxaca (IEEPO), despu\u00e9s de las 15:00\nhoras comenzaron a quemar llantas en calles de la ciudad y a realizar\nbarricadas.<\/p>\n\n\n\n<p>Los estudiantes activaron por la ma\u00f1ana los bloqueos ante la falta de respuesta a su petici\u00f3n por parte del jefe de la Unidad de Educaci\u00f3n Normal y Formaci\u00f3n de Docentes del IEEPO, Carlos Alberto Cuevas, de quien exigen su destituci\u00f3n por determinar la no acreditaci\u00f3n de los estudios.<\/p>\n\n\n\n<figure class=\"wp-block-embed-twitter wp-block-embed is-type-rich is-provider-twitter\"><div class=\"wp-block-embed__wrapper\">\n<div class=\"twitter-tweet\"><blockquote class=\"twitter-tweet\" data-lang=\"es\"><p lang=\"es\" dir=\"ltr\"><a href=\"https:\/\/twitter.com\/hashtag\/ENVIVO?src=hash&amp;ref_src=twsrc%5Etfw\">#ENVIVO<\/a><br>Oaxaca de Ju\u00e1rez, Oax., 30 de julio de 2020.- Bloqueo de normalistas del CRENO en el Centro ahist\u00f3rico de la ciudad de Oaxaca. Exigen la renuncia de un funcionario del <a href=\"https:\/\/twitter.com\/IEEPOGobOax?ref_src=twsrc%5Etfw\">@IEEPOGobOax<\/a>. <br><br>Aqu\u00ed la transmisi\u00f3n: <a href=\"https:\/\/t.co\/WV1r70aI1O\">https:\/\/t.co\/WV1r70aI1O<\/a> <a href=\"https:\/\/t.co\/AtpdUZk48O\">pic.twitter.com\/AtpdUZk48O<\/a><\/p>&mdash; Zona Roja Oaxaca (@MexRoja) <a href=\"https:\/\/twitter.com\/MexRoja\/status\/1288893455796596738?ref_src=twsrc%5Etfw\">30 de julio de 2020<\/a><\/blockquote><\/div>\n<\/div><\/figure>\n\n\n\n<p>Uno de los representantes de los normalistas\nse\u00f1al\u00f3 que cuentan con evidencias de que el semestre se contin\u00faa a distancia,\nbajo diferentes esquemas de trabajo frente a la contingencia sanitaria.<\/p>\n\n\n\n<p>Indic\u00f3 que los estudiantes enviaron en\ntiempo el material acad\u00e9mico que los docentes requirieron a distancia,\nutilizando principalmente Whatsapp, por lo que demandaron una mesa de di\u00e1logo\ncon el director del CRENO, pues es se\u00f1alado como el responsable de no otorgar\nlas evidencias correspondientes al instituto.<\/p>\n\n\n\n<p>Para presionar a las autoridades instalaron bloqueos en los cruces de las calles de Independencia y Crespo; D\u00edaz Ordaz e Hidalgo; Morelos esquina con Tinoco y Palacios, as\u00ed como Independencia y J.P. Garc\u00eda.<\/p>\n\n\n\n<figure class=\"wp-block-embed-twitter wp-block-embed is-type-rich is-provider-twitter\"><div class=\"wp-block-embed__wrapper\">\n<div class=\"twitter-tweet\"><blockquote class=\"twitter-tweet\" data-lang=\"es\"><p lang=\"es\" dir=\"ltr\"><a href=\"https:\/\/twitter.com\/hashtag\/%C3%9AltimoMinuto?src=hash&amp;ref_src=twsrc%5Etfw\">#\u00daltimoMinuto<\/a> <br>Ante lo que consideran desatenci\u00f3n del <a href=\"https:\/\/twitter.com\/IEEPOGobOax?ref_src=twsrc%5Etfw\">@IEEPOGobOax<\/a> y nulo inter\u00e9s por intentar una mesa de di\u00e1logo, estudiantes normalistas queman llantas en el Centro Hist\u00f3rico de la capital, adem\u00e1s de mantener su bloqueo a varias vialidades. <a href=\"https:\/\/t.co\/1rceKkzuOQ\">pic.twitter.com\/1rceKkzuOQ<\/a><\/p>&mdash; Zona Roja Oaxaca (@MexRoja) <a href=\"https:\/\/twitter.com\/MexRoja\/status\/1288931903475605504?ref_src=twsrc%5Etfw\">30 de julio de 2020<\/a><\/blockquote><\/div>\n<\/div><\/figure>\n\n\n\n<p>Un cami\u00f3n del Cuerpo de Bomberos arrib\u00f3\nposteriormente a la zona para apagar el fuego en las llantas quemadas. Tras\nello, deton\u00f3 un cohete en la zona, sin que hubiera personas lesionadas.<\/p>\n\n\n\n<p>Por su parte, en un comunicado de\nprensa, el IEEPO asegur\u00f3 que el CRENO es la \u00fanica de las 11 escuelas normales\nque no acat\u00f3 las medidas de educaci\u00f3n en l\u00ednea y que la directiva se\nautoexcluy\u00f3 de ello.<\/p>\n\n\n\n<p>\u201cLa autoridad educativa desconoce las\nrazones por las cuales la directiva del Centro Regional de Educaci\u00f3n Normal de\nOaxaca (CRENO), se autoexcluy\u00f3 del procedimiento; sin embargo, el IEEPO ha\nofrecido el apoyo y seguimiento para la presentaci\u00f3n de los trabajos pendientes\ndel alumnado, as\u00ed como mediante videoconferencia atender las dudas al respecto\u201d,.<\/p>\n","protected":false},"excerpt":{"rendered":"<p>Yuridiana Sosa\/Zona Roja. Oaxaca de Ju\u00e1rez, Oax., 30 de julio de 2020.-&nbsp; Estudiantes normalistas, principalmente&hellip;<\/p>\n","protected":false},"author":2,"featured_media":15650,"comment_status":"closed","ping_status":"open","sticky":false,"template":"","format":"standard","meta":{"_lmt_disableupdate":"","_lmt_disable":"","_jetpack_memberships_contains_paid_content":false,"footnotes":""},"categories":[109,47],"tags":[1862],"class_list":["post-15649","post","type-post","status-publish","format-standard","has-post-thumbnail","hentry","category-minuto-a-minuto","category-zona-gris","tag-centro-regional-de-educacion-normal-de-oaxaca-creno"],"jetpack_featured_media_url":"https:\/\/zonaroja.com.mx\/wp-content\/uploads\/2020\/07\/Protesta-normalistas-CRENO.jpg","jetpack_sharing_enabled":true,"_links":{"self":[{"href":"https:\/\/zonaroja.com.mx\/index.php?rest_route=\/wp\/v2\/posts\/15649","targetHints":{"allow":["GET"]}}],"collection":[{"href":"https:\/\/zonaroja.com.mx\/index.php?rest_route=\/wp\/v2\/posts"}],"about":[{"href":"https:\/\/zonaroja.com.mx\/index.php?rest_route=\/wp\/v2\/types\/post"}],"author":[{"embeddable":true,"href":"https:\/\/zonaroja.com.mx\/index.php?rest_route=\/wp\/v2\/users\/2"}],"replies":[{"embeddable":true,"href":"https:\/\/zonaroja.com.mx\/index.php?rest_route=%2Fwp%2Fv2%2Fcomments&post=15649"}],"version-history":[{"count":1,"href":"https:\/\/zonaroja.com.mx\/index.php?rest_route=\/wp\/v2\/posts\/15649\/revisions"}],"predecessor-version":[{"id":15651,"href":"https:\/\/zonaroja.com.mx\/index.php?rest_route=\/wp\/v2\/posts\/15649\/revisions\/15651"}],"wp:featuredmedia":[{"embeddable":true,"href":"https:\/\/zonaroja.com.mx\/index.php?rest_route=\/wp\/v2\/media\/15650"}],"wp:attachment":[{"href":"https:\/\/zonaroja.com.mx\/index.php?rest_route=%2Fwp%2Fv2%2Fmedia&parent=15649"}],"wp:term":[{"taxonomy":"category","embeddable":true,"href":"https:\/\/zonaroja.com.mx\/index.php?rest_route=%2Fwp%2Fv2%2Fcategories&post=15649"},{"taxonomy":"post_tag","embeddable":true,"href":"https:\/\/zonaroja.com.mx\/index.php?rest_route=%2Fwp%2Fv2%2Ftags&post=15649"}],"curies":[{"name":"wp","href":"https:\/\/api.w.org\/{rel}","templated":true}]}}