{"id":15652,"date":"2020-07-30T16:15:22","date_gmt":"2020-07-30T21:15:22","guid":{"rendered":"http:\/\/www.zonaroja.com.mx\/?p=15652"},"modified":"2020-07-30T19:26:46","modified_gmt":"2020-07-31T00:26:46","slug":"dejan-sin-bono-covid-a-personal-de-contrato-del-hospital-civil","status":"publish","type":"post","link":"https:\/\/zonaroja.com.mx\/?p=15652","title":{"rendered":"Dejan sin bono Covid a personal de contrato del Hospital Civil de Oaxaca"},"content":{"rendered":"\n<p class=\"MsoNormal\">Evlin Arag\u00f3n\/Zona Roja. <\/p>\n\n\n\n<p class=\"MsoNormal\">Oaxaca de Ju\u00e1rez, Oax., 30 de julio de 2020.- Personal de los Servicios de Salud de Oaxaca (SSO)  se inconform\u00f3 hoy debido a los lineamientos dados a conocer para otorgar el bono Covid-19 a quienes atienden la epidemia en la entidad y que se ha enfrentado a reto de hacerlo sin el equipo adecuado para mantener a salvo de contagio. <\/p>\n\n\n\n<p class=\"MsoNormal\">Lo anterior debido a que, conforme a lo estipulado por la autoridad, queda fuera personal administrativo, de trabajo social, laboratorio y personal de centros de salud en todo el estado, pese a que actualmente todas las \u00e1reas m\u00e9dicas se han convertido en un foco importante de contagio.\u00a0\u00a0<\/p>\n\n\n\n<p>Para el personal adscrito a los Servicios de Salud, el riesgo es generalizado en hospitales o centros de salud que atienda o refiera pacientes con contagio, ya que incluso el contacto indirecto ha dejado m\u00e9dicos y enfermeras en aislamiento para evitar ser un foco de infecci\u00f3n hacia la comunidad, por lo que el bono deber\u00eda aplicar para todas y todos.  <\/p>\n\n\n\n<p class=\"MsoNormal\">En el documento emitido y firmado por David Concha Su\u00e1rez, director de Administraci\u00f3n en los SSO, y dirigido a directivos de hospitales, se reconoce que, debido a la contingencia sanitaria, las actividades al interior de los centros de salud y hospitales ha aumentado por lo que es necesario reconocer el esfuerzo y la dedicaci\u00f3n.  <\/p>\n\n\n\n<p class=\"MsoNormal\">De acuerdo con lo expuesto por la autoridad en materia de salud, el bono ser\u00e1 otorgado \u00fanicamente al personal de base, formalizado y regularizado que atienda directamente la emergencia sanitaria provocada por el virus SARS-CoV2, cuya categor\u00eda y funciones est\u00e1n relacionadas con la atenci\u00f3n de pacientes en hospitales. <\/p>\n\n\n\n<p class=\"MsoNormal\">Sin embargo, aclara que el apoyo \u00fanicamente est\u00e1 destinado para personal m\u00e9dico (especialistas, generales y cirujanos), de enfermer\u00eda, camilleros y choferes que participen en traslados de paciente de Covid-19, dejando fuera a todas y todos los dem\u00e1s.\u00a0<\/p>\n\n\n\n<p class=\"MsoNormal\">Para otorgar el incentivo, se corroborar\u00e1 la asistencia y permanencia en el centro del trabajo con el apoyo del \u00e1rea de Recursos Humanos de hospital, adem\u00e1s se revisar\u00e1 que la categor\u00eda y funciones del trabajador est\u00e9n relacionada con la atenci\u00f3n de pacientes dentro del nosocomio. <\/p>\n\n\n\n<p class=\"MsoNormal\">Tambi\u00e9n se conceder\u00e1 al personal que haya contra\u00eddo la enfermedad al desempe\u00f1ar su labor y haya regresado a laborar despu\u00e9s del aislamiento, siempre y cuando lo acrediten con la documentaci\u00f3n correspondiente. <\/p>\n\n\n\n<figure class=\"wp-block-embed-twitter wp-block-embed is-type-rich is-provider-twitter\"><div class=\"wp-block-embed__wrapper\">\n<div class=\"twitter-tweet\"><blockquote class=\"twitter-tweet\" data-lang=\"es\"><p lang=\"es\" dir=\"ltr\"><a href=\"https:\/\/twitter.com\/hashtag\/OaxacaGris?src=hash&amp;ref_src=twsrc%5Etfw\">#OaxacaGris<\/a><br>Personal de contrato de los <a href=\"https:\/\/twitter.com\/SSO_GobOax?ref_src=twsrc%5Etfw\">@SSO_GobOax<\/a> que labora en el Hospital pidieron hoy se les incluye en el bono por atenci\u00f3n al Covid-19. <a href=\"https:\/\/t.co\/6BKMFhoCBY\">pic.twitter.com\/6BKMFhoCBY<\/a><\/p>&mdash; Zona Roja Oaxaca (@MexRoja) <a href=\"https:\/\/twitter.com\/MexRoja\/status\/1288945447764017152?ref_src=twsrc%5Etfw\">30 de julio de 2020<\/a><\/blockquote><\/div>\n<\/div><\/figure>\n\n\n\n<p>En conferencia de prensa, la representante sindical  de los inconformes, adscrita al nosocomio, Felipe Yolanda Mu\u00f1oz, indic\u00f3 que a trav\u00e9s de la circular 069 se dio a conocer de la efectividad del bono Covid, mismo que no se efectuar\u00e1 para al menos 145 trabajadores de contrato.<\/p>\n\n\n\n<p>El motivo de la exclusi\u00f3n, dijo la\ndelegada, es que no son sindicalizados o de base, sin embargo, realizan las\nmismas acciones de atenci\u00f3n a la poblaci\u00f3n frente a la contingencia por\ncovid-19.<\/p>\n\n\n\n<p>De no recibir una respuesta favorable a\nsu petici\u00f3n tras esta protesta, los inconformes amagaron con intensificar sus\nmovilizaciones.<\/p>\n","protected":false},"excerpt":{"rendered":"<p>Evlin Arag\u00f3n\/Zona Roja. Oaxaca de Ju\u00e1rez, Oax., 30 de julio de 2020.- Personal de los&hellip;<\/p>\n","protected":false},"author":2,"featured_media":15653,"comment_status":"closed","ping_status":"open","sticky":false,"template":"","format":"standard","meta":{"_lmt_disableupdate":"","_lmt_disable":"","_jetpack_memberships_contains_paid_content":false,"footnotes":""},"categories":[109,47],"tags":[781],"class_list":["post-15652","post","type-post","status-publish","format-standard","has-post-thumbnail","hentry","category-minuto-a-minuto","category-zona-gris","tag-hospital-civil-dr-aurelio-valdivieso-de-oaxaca"],"jetpack_featured_media_url":"https:\/\/zonaroja.com.mx\/wp-content\/uploads\/2020\/07\/Protesta-Hospital-Civil.jpg","jetpack_sharing_enabled":true,"_links":{"self":[{"href":"https:\/\/zonaroja.com.mx\/index.php?rest_route=\/wp\/v2\/posts\/15652","targetHints":{"allow":["GET"]}}],"collection":[{"href":"https:\/\/zonaroja.com.mx\/index.php?rest_route=\/wp\/v2\/posts"}],"about":[{"href":"https:\/\/zonaroja.com.mx\/index.php?rest_route=\/wp\/v2\/types\/post"}],"author":[{"embeddable":true,"href":"https:\/\/zonaroja.com.mx\/index.php?rest_route=\/wp\/v2\/users\/2"}],"replies":[{"embeddable":true,"href":"https:\/\/zonaroja.com.mx\/index.php?rest_route=%2Fwp%2Fv2%2Fcomments&post=15652"}],"version-history":[{"count":3,"href":"https:\/\/zonaroja.com.mx\/index.php?rest_route=\/wp\/v2\/posts\/15652\/revisions"}],"predecessor-version":[{"id":15663,"href":"https:\/\/zonaroja.com.mx\/index.php?rest_route=\/wp\/v2\/posts\/15652\/revisions\/15663"}],"wp:featuredmedia":[{"embeddable":true,"href":"https:\/\/zonaroja.com.mx\/index.php?rest_route=\/wp\/v2\/media\/15653"}],"wp:attachment":[{"href":"https:\/\/zonaroja.com.mx\/index.php?rest_route=%2Fwp%2Fv2%2Fmedia&parent=15652"}],"wp:term":[{"taxonomy":"category","embeddable":true,"href":"https:\/\/zonaroja.com.mx\/index.php?rest_route=%2Fwp%2Fv2%2Fcategories&post=15652"},{"taxonomy":"post_tag","embeddable":true,"href":"https:\/\/zonaroja.com.mx\/index.php?rest_route=%2Fwp%2Fv2%2Ftags&post=15652"}],"curies":[{"name":"wp","href":"https:\/\/api.w.org\/{rel}","templated":true}]}}