{"id":15659,"date":"2020-07-30T18:50:54","date_gmt":"2020-07-30T23:50:54","guid":{"rendered":"http:\/\/www.zonaroja.com.mx\/?p=15659"},"modified":"2020-07-30T18:50:57","modified_gmt":"2020-07-30T23:50:57","slug":"exhorta-congreso-atender-violencia-de-genero-en-universidad-del-istmo","status":"publish","type":"post","link":"https:\/\/zonaroja.com.mx\/?p=15659","title":{"rendered":"Exhorta Congreso atender violencia de g\u00e9nero en Universidad del Istmo"},"content":{"rendered":"\n<p>Evlin Arag\u00f3n\/Zona Roja.<\/p>\n\n\n\n<p>Oaxaca de Ju\u00e1rez, Oax., 30 de julio de\n2020.- El Congreso de Oaxaca aprob\u00f3 un exhorto dirigido a las autoridades del\nGobierno del Estado y la Defensor\u00eda de los Derechos Humano del Pueblo de\nOaxaca, a fin de atender la situaci\u00f3n de violencia de g\u00e9nero que se ha\ndenunciado desde hace meses al interior de la Universidad del Istmo (Unitsmo),\ncampus Ciudad Ixtepec. <\/p>\n\n\n\n<p>En tribuna el legislador C\u00e9sar Morales\nNu\u00f1o expuso el da\u00f1o causado a las estudiantes de licenciatura en Derecho y la\nmaestr\u00eda en Derecho de la Energ\u00eda, as\u00ed como personal administrativo y docentes,\nque han denunciado la violencia ejercida en su contra y que no han encontrado\neco ni en las autoridades escolares y tampoco en las de procuraci\u00f3n de justicia\ndel estado.&nbsp; <\/p>\n\n\n\n<p>Con el aval del pleno, exhort\u00f3 al\ntitular de la Defensor\u00eda de los Derechos Humanos del Pueblo de Oaxaca, Bernardo\nRodr\u00edguez Alamilla, para que tramite con celeridad las quejas presentadas desde\nel mes febrero de este a\u00f1o y dicte las medidas cautelares correspondientes,\nrespecto de acoso sexual y violencia escolar ocurridas al interior de la\nuniversidad. <\/p>\n\n\n\n<p>As\u00ed mismo, al fiscal General del Estado\nde Oaxaca, Rub\u00e9n Vasconcelos M\u00e9ndez, para que deslinde las responsabilidades\ncon los instigadores que han revictimizado a las y los denunciantes de los\npresuntos delitos; y al gobierno de Oaxaca para que lleve a cabo la\nreestructuraci\u00f3n de la instituci\u00f3n en caso de que se comprueben los actos de\nviolencia y acoso sexual. <\/p>\n\n\n\n<p>Morales Ni\u00f1o lament\u00f3 que, pese a la\ngravedad de los hechos, las denuncias no hayan sido tomadas en cuenta con la\nseriedad que merecen y por el contrario las j\u00f3venes terminaron el semestre\nsiendo evaluadas y calificadas por quien ellas identifican como su propio\nagresor, sin que la Defensor\u00eda haya emitido las medidas cautelares a su favor,\no al menos, haberlas desvinculado inmediatamente del entorno de quien ellas\nacusan les produce un da\u00f1o. <\/p>\n\n\n\n<p>Y no s\u00f3lo eso ya que el personal\ndocente (un profesor y dos profesoras) que por valor civil y \u00e9tica acompa\u00f1\u00f3 a\nlas v\u00edctimas a denunciar, fue violentado laboralmente, reduci\u00e9ndole la carga\nacad\u00e9mica en pleno semestre, todo en detrimento de su salario.&nbsp; <\/p>\n\n\n\n<p>El legislador record\u00f3 que las conductas\nde acoso, hostigamiento y abusos sexuales de maestros, se denunciaron desde el\n2019, sin que las autoridades internas de la Universidad realizaran alg\u00fan tipo\nde investigaci\u00f3n, ni sanci\u00f3n; por el contrario, han protegido a los agresores y\ndejaron a las alumnas y personal docente y administrativo en gran riesgo y\nexpuestas a represalias. <\/p>\n\n\n\n<p>Finalmente, detall\u00f3 que la contingencia\nsanitaria que se vive actualmente no puede ser pretexto para no atender la\ngrave situaci\u00f3n, que involucra violencia sexual tipificada como un delito en\nlas leyes locales, por lo que el exhorto fue emitido como de urgente y obvia\nresoluci\u00f3n, mismo que fue avalado ayer por el pleno de la 64 Legislatura con el\nllamado a las autoridades para actuar de forma inmediata a favor de las\nafectadas.&nbsp; <\/p>\n\n\n\n<p>El pasado mes de mayo, feministas en la\nregi\u00f3n del Istmo de Tehuantepec denunciaron que la violencia de g\u00e9nero al\ninterior de la Universidad continuaba sin importar la contingencia sanitaria,\nde forma particular en contra de las docentes Montserrat S\u00e1nchez y Virginia\nIlescas quienes dieron acompa\u00f1amiento a las estudiantes que denunciaron acoso y\nhostigamiento.&nbsp; <\/p>\n\n\n\n<p>De la reciente violencia, han acusado\nal abogado de la universidad, Jos\u00e9 Luis Ayala \u00c1lvarez; el vicerrector acad\u00e9mico,\nIsrael Flores Sandoval, y la jefa de carrera de Derecho, Cora Silvia Bonilla\nCarre\u00f3n.<\/p>\n\n\n\n<p>Previamente, las docentes hab\u00edan\nreferido acoso laboral por parte de Jos\u00e9 Guadalupe Villegas Castillejos, Silvio\nF\u00e9lix Antonio Espinoza y Gabriel Soto Ju\u00e1rez, as\u00ed como a Hern\u00e1n Castillo\nVillalobos por ser el principal instigador de violencia en la comunidad\nestudiantil. <\/p>\n","protected":false},"excerpt":{"rendered":"<p>Evlin Arag\u00f3n\/Zona Roja. Oaxaca de Ju\u00e1rez, Oax., 30 de julio de 2020.- El Congreso de&hellip;<\/p>\n","protected":false},"author":2,"featured_media":15660,"comment_status":"closed","ping_status":"open","sticky":false,"template":"","format":"standard","meta":{"_lmt_disableupdate":"","_lmt_disable":"","_jetpack_memberships_contains_paid_content":false,"footnotes":""},"categories":[109,47],"tags":[213,612],"class_list":["post-15659","post","type-post","status-publish","format-standard","has-post-thumbnail","hentry","category-minuto-a-minuto","category-zona-gris","tag-64-legislatura-de-oaxaca","tag-cesar-morales-nino"],"jetpack_featured_media_url":"https:\/\/zonaroja.com.mx\/wp-content\/uploads\/2020\/07\/C\u00e9sar-Morales-N..jpg","jetpack_sharing_enabled":true,"_links":{"self":[{"href":"https:\/\/zonaroja.com.mx\/index.php?rest_route=\/wp\/v2\/posts\/15659","targetHints":{"allow":["GET"]}}],"collection":[{"href":"https:\/\/zonaroja.com.mx\/index.php?rest_route=\/wp\/v2\/posts"}],"about":[{"href":"https:\/\/zonaroja.com.mx\/index.php?rest_route=\/wp\/v2\/types\/post"}],"author":[{"embeddable":true,"href":"https:\/\/zonaroja.com.mx\/index.php?rest_route=\/wp\/v2\/users\/2"}],"replies":[{"embeddable":true,"href":"https:\/\/zonaroja.com.mx\/index.php?rest_route=%2Fwp%2Fv2%2Fcomments&post=15659"}],"version-history":[{"count":1,"href":"https:\/\/zonaroja.com.mx\/index.php?rest_route=\/wp\/v2\/posts\/15659\/revisions"}],"predecessor-version":[{"id":15661,"href":"https:\/\/zonaroja.com.mx\/index.php?rest_route=\/wp\/v2\/posts\/15659\/revisions\/15661"}],"wp:featuredmedia":[{"embeddable":true,"href":"https:\/\/zonaroja.com.mx\/index.php?rest_route=\/wp\/v2\/media\/15660"}],"wp:attachment":[{"href":"https:\/\/zonaroja.com.mx\/index.php?rest_route=%2Fwp%2Fv2%2Fmedia&parent=15659"}],"wp:term":[{"taxonomy":"category","embeddable":true,"href":"https:\/\/zonaroja.com.mx\/index.php?rest_route=%2Fwp%2Fv2%2Fcategories&post=15659"},{"taxonomy":"post_tag","embeddable":true,"href":"https:\/\/zonaroja.com.mx\/index.php?rest_route=%2Fwp%2Fv2%2Ftags&post=15659"}],"curies":[{"name":"wp","href":"https:\/\/api.w.org\/{rel}","templated":true}]}}