{"id":15664,"date":"2020-07-30T21:52:35","date_gmt":"2020-07-31T02:52:35","guid":{"rendered":"http:\/\/www.zonaroja.com.mx\/?p=15664"},"modified":"2020-07-30T21:52:45","modified_gmt":"2020-07-31T02:52:45","slug":"registra-jueves-ascenso-en-casos-de-covid-178-positivos-y-18-decesos","status":"publish","type":"post","link":"https:\/\/zonaroja.com.mx\/?p=15664","title":{"rendered":"Registra jueves ascenso en casos de Covid: 178 positivos y 18 decesos"},"content":{"rendered":"\n<p>Redacci\u00f3n\/Zona Roja.<\/p>\n\n\n\n<p>Oaxaca de Ju\u00e1rez, Oax., 30 de julio de\n2020.- En el pen\u00faltimo d\u00eda de julio, Oaxaca registr\u00f3 un alza en casos de\nCovid-19: 178 nuevos casos positivos y 18 fallecimientos.<\/p>\n\n\n\n<p>De acuerdo con los Servicios de Salud\nde Oaxaca (SSO), suman 10 mil 336 contagios confirmados acumulados del nuevo\ncoronavirus en la entidad.<\/p>\n\n\n\n<p>En un comunicado se\u00f1al\u00f3 que se han\nnotificado 15 mil 682 casos, de los cuales cuatro mil 419 son negativos, hay\n927 casos sospechosos en espera de resultados por laboratorio, se han\nrecuperado ocho mil 764 personas, y se registraron 18 nuevos decesos, que suman\n941 defunciones; hay 631 casos activos.<\/p>\n\n\n\n<p>Dio a conocer que en la Jurisdicci\u00f3n Sanitaria n\u00famero uno, Valles Centrales se han contabilizado, seis mil 780 casos confirmados, de \u00e9stos, se han recuperado cinco mil 899 personas y se han presentado 464 defunciones; Tuxtepec presenta mil 404 casos, mil 140 recuperados y 208 defunciones.<\/p>\n\n\n\n<figure class=\"wp-block-embed-twitter wp-block-embed is-type-rich is-provider-twitter\"><div class=\"wp-block-embed__wrapper\">\n<div class=\"twitter-tweet\"><blockquote class=\"twitter-tweet\" data-lang=\"es\"><p lang=\"es\" dir=\"ltr\">Por ti y por tu familia, mant\u00e9n la pr\u00e1ctica responsable y correcta de las medidas de prevenci\u00f3n contra el <a href=\"https:\/\/twitter.com\/hashtag\/COVID19?src=hash&amp;ref_src=twsrc%5Etfw\">#COVID19<\/a>. Si sales de casa utiliza <a href=\"https:\/\/twitter.com\/hashtag\/Cubrebocas?src=hash&amp;ref_src=twsrc%5Etfw\">#Cubrebocas<\/a>, mant\u00e9n <a href=\"https:\/\/twitter.com\/hashtag\/SanaDistancia?src=hash&amp;ref_src=twsrc%5Etfw\">#SanaDistancia<\/a>, l\u00e1vate o desinf\u00e9ctate frecuentemente las manos, y evita acudir o realizar reuniones.<a href=\"https:\/\/twitter.com\/hashtag\/Ay%C3%BAdanosACuidarte?src=hash&amp;ref_src=twsrc%5Etfw\">#Ay\u00fadanosACuidarte<\/a> <a href=\"https:\/\/t.co\/X1yiPuAXVz\">pic.twitter.com\/X1yiPuAXVz<\/a><\/p>&mdash; Servicios de Salud (@SSO_GobOax) <a href=\"https:\/\/twitter.com\/SSO_GobOax\/status\/1289009044896862209?ref_src=twsrc%5Etfw\">31 de julio de 2020<\/a><\/blockquote><\/div>\n<\/div><\/figure>\n\n\n\n<p>El Istmo presenta mil 006 casos, hay\n799 recuperados y 148 defunciones; mientras que la Mixteca presenta 587 casos,\n462 recuperados y 53 defunciones; la Costa 387 contagios, 327 recuperados y 39\ndefunciones; la Sierra (Norte) 172 positivos, 137 se han recuperado y 29\ndefunciones.<\/p>\n\n\n\n<p>Dijo que los 178 casos nuevos se han\npresentado en 42 municipios, siendo los de mayor prevalencia el de Oaxaca de\nJu\u00e1rez con 68 contagios, Huajuapan de Le\u00f3n con 10, Santa Cruz Xoxocotl\u00e1n y\nEjutla de Crespo ocho cada uno; Santa Luc\u00eda del Camino y Miahuatl\u00e1n de Porfirio\nD\u00edaz siete cada uno; Salina Cruz y la Villa de Zaachila seis cada uno, San\nSebasti\u00e1n Tutla cinco; el resto cuatro, tres, dos y uno.<\/p>\n\n\n\n<p>Mencion\u00f3 que de los 631 casos activos,\nla Jurisdicci\u00f3n Sanitaria n\u00famero uno Valles Centrales registra 417, la Mixteca\n72, el Istmo 59, Tuxtepec 56, Costa 21 y la Sierra (Norte) seis.<\/p>\n","protected":false},"excerpt":{"rendered":"<p>Redacci\u00f3n\/Zona Roja. Oaxaca de Ju\u00e1rez, Oax., 30 de julio de 2020.- En el pen\u00faltimo d\u00eda&hellip;<\/p>\n","protected":false},"author":2,"featured_media":15665,"comment_status":"closed","ping_status":"open","sticky":false,"template":"","format":"standard","meta":{"_lmt_disableupdate":"","_lmt_disable":"","_jetpack_memberships_contains_paid_content":false,"footnotes":""},"categories":[109,47],"tags":[1512],"class_list":["post-15664","post","type-post","status-publish","format-standard","has-post-thumbnail","hentry","category-minuto-a-minuto","category-zona-gris","tag-coronavirus-oaxaca"],"jetpack_featured_media_url":"https:\/\/zonaroja.com.mx\/wp-content\/uploads\/2020\/07\/SSO-2-1-2.jpeg","jetpack_sharing_enabled":true,"_links":{"self":[{"href":"https:\/\/zonaroja.com.mx\/index.php?rest_route=\/wp\/v2\/posts\/15664","targetHints":{"allow":["GET"]}}],"collection":[{"href":"https:\/\/zonaroja.com.mx\/index.php?rest_route=\/wp\/v2\/posts"}],"about":[{"href":"https:\/\/zonaroja.com.mx\/index.php?rest_route=\/wp\/v2\/types\/post"}],"author":[{"embeddable":true,"href":"https:\/\/zonaroja.com.mx\/index.php?rest_route=\/wp\/v2\/users\/2"}],"replies":[{"embeddable":true,"href":"https:\/\/zonaroja.com.mx\/index.php?rest_route=%2Fwp%2Fv2%2Fcomments&post=15664"}],"version-history":[{"count":1,"href":"https:\/\/zonaroja.com.mx\/index.php?rest_route=\/wp\/v2\/posts\/15664\/revisions"}],"predecessor-version":[{"id":15666,"href":"https:\/\/zonaroja.com.mx\/index.php?rest_route=\/wp\/v2\/posts\/15664\/revisions\/15666"}],"wp:featuredmedia":[{"embeddable":true,"href":"https:\/\/zonaroja.com.mx\/index.php?rest_route=\/wp\/v2\/media\/15665"}],"wp:attachment":[{"href":"https:\/\/zonaroja.com.mx\/index.php?rest_route=%2Fwp%2Fv2%2Fmedia&parent=15664"}],"wp:term":[{"taxonomy":"category","embeddable":true,"href":"https:\/\/zonaroja.com.mx\/index.php?rest_route=%2Fwp%2Fv2%2Fcategories&post=15664"},{"taxonomy":"post_tag","embeddable":true,"href":"https:\/\/zonaroja.com.mx\/index.php?rest_route=%2Fwp%2Fv2%2Ftags&post=15664"}],"curies":[{"name":"wp","href":"https:\/\/api.w.org\/{rel}","templated":true}]}}