{"id":15667,"date":"2020-07-31T07:50:54","date_gmt":"2020-07-31T12:50:54","guid":{"rendered":"http:\/\/www.zonaroja.com.mx\/?p=15667"},"modified":"2020-07-31T07:50:58","modified_gmt":"2020-07-31T12:50:58","slug":"registra-mexico-caida-historica-de-18-9-en-producto-interno-bruto","status":"publish","type":"post","link":"https:\/\/zonaroja.com.mx\/?p=15667","title":{"rendered":"Registra M\u00e9xico ca\u00edda hist\u00f3rica de 18.9% en Producto Interno Bruto"},"content":{"rendered":"\n<p>Redacci\u00f3n\/Zona Roja Cdmx.<\/p>\n\n\n\n<p>Ciudad de M\u00e9xico, 31 de julio de 2020.-\nLa actividad econ\u00f3mica en M\u00e9xico colaps\u00f3 en el segundo trimestre del a\u00f1o, a\nmedida que se resinti\u00f3 el efecto de las acciones para contener el avance de la\npandemia de Covid-19. <\/p>\n\n\n\n<p>De acuerdo con una nota informativa de \u201cLa\nJornada\u201d, la ca\u00edda anual de 18.9 por ciento en el producto interno bruto (PIB),\nreportada por el Instituto Nacional de Estad\u00edstica y Geograf\u00eda (Inegi), super\u00f3\ntodo dato de crisis precedente en el pa\u00eds. Con ese resultado, el tama\u00f1o de la\neconom\u00eda regres\u00f3 al punto que tuvo hace 10 a\u00f1os.<\/p>\n\n\n\n<p>Con base en los datos expuestos por el\norganismo, analistas financieros estiman que si bien la actividad econ\u00f3mica\ntoc\u00f3 fondo en abril, y sobre todo en mayo, con visos de recuperaci\u00f3n en junio,\nun regreso del PIB a niveles anteriores a la crisis sanitaria se estima hasta\ndentro de tres o cuatro a\u00f1os.<\/p>\n\n\n\n<p>Al ser la mayor contracci\u00f3n desde que\nhay registro, el Inegi expuso que las ca\u00eddas de 8.6 y 7.4 en los segundos\ntrimestres de 1995 y 2009, respectivamente \u2013ambas en el contexto de las crisis\nm\u00e1s recientes del pa\u00eds\u2013, se quedaron cortas frente al cierre impuesto por el\nCovid-19, refiere \u201cLa Jornada\u201d.<\/p>\n\n\n\n<p>Todas las actividades decrecieron entre\nabril y junio. Las industrias se desplomaron 26 por ciento a tasa anual y el\ncomercio y servicios 15.6 por ciento. Ambas son las ca\u00eddas m\u00e1s profundas de las\nque hay registro en el pa\u00eds. Mientras el sector agr\u00edcola cay\u00f3 0.3 por ciento\ntambi\u00e9n en cifras desestacionalizadas.<\/p>\n\n\n\n<p>La actividad econ\u00f3mica no resinti\u00f3 s\u00f3lo\nel impacto de las medidas de distanciamiento social para aminorar el brote de\nCovid-19; comenz\u00f3 a desacelerarse desde el \u00faltimo trimestre de 2018 y en el\nsegundo de 2019 inici\u00f3 con tasas negativas; hasta hoy son cinco trimestres\nconsecutivos de contracci\u00f3n.<\/p>\n\n\n\n<p>Este hecho, sumado a la falta de apoyos\npara estimular la producci\u00f3n por el corto espacio fiscal y a que el pa\u00eds tiene\nuna alta exposici\u00f3n a sectores que han sido de los m\u00e1s afectados por la\npandemia, como el turismo y el comercio internacional, contribuye a que la\nca\u00edda del PIB mexicano sea de las m\u00e1s hondas en medio de una contracci\u00f3n\necon\u00f3mica mundial, explic\u00f3 en entrevista Alejandro Salda\u00f1a, director de an\u00e1lisis\necon\u00f3mico de banco Ve por M\u00e1s.<\/p>\n\n\n\n<p>La informaci\u00f3n de \u201cLa Jornada\u201d a\u00f1ade\nque respecto de los primeros tres meses de 2020 \u2013cuando sin un brote agudo de\nCovid-19 en el pa\u00eds la actividad econ\u00f3mica ya hab\u00eda decrecido 2.2 por ciento\u2013,\nel Inegi report\u00f3 que el PIB cay\u00f3 17.3 por ciento entre abril y junio. En la\nagricultura la merma fue de 2.5 por ciento, en las industrias de 23.6 y en el\ncomercio y los servicios de 14.5 por ciento.<\/p>\n\n\n\n<p>En lo que va de 2020, la ca\u00edda promedio\nde la actividad econ\u00f3mica es de 10.5 por ciento con desplomes de 14.7 en las\nindustrias y de 8.4 por ciento en los servicios y comercio. La excepci\u00f3n es la\nagricultura que en el primer semestre creci\u00f3 0.3 por ciento, respecto al a\u00f1o\npasado. Todo en cifras desestacionalizadas.<\/p>\n\n\n\n<p>La crisis mundial del coronavirus se\nenfila a ser la m\u00e1s severa desde la Gran Depresi\u00f3n, hace 90 a\u00f1os. En ese marco,\nel Fondo Monetario Internacional estima que el PIB de M\u00e9xico caiga 10.5 por\nciento en 2020; el Banco Mundial, 7.5 por ciento; la Organizaci\u00f3n para la\nCooperaci\u00f3n y el Desarrollo Econ\u00f3micos, al menos 8.6; y la Comisi\u00f3n Econ\u00f3mica\npara Am\u00e9rica Latina y el Caribe, 9 por ciento, que adem\u00e1s llevar\u00e1 el n\u00famero de\npersonas en pobreza de 53.6 a 63.3 millones y en pobreza extrema de 14 a 22\nmillones.<\/p>\n","protected":false},"excerpt":{"rendered":"<p>Redacci\u00f3n\/Zona Roja Cdmx. Ciudad de M\u00e9xico, 31 de julio de 2020.- La actividad econ\u00f3mica en&hellip;<\/p>\n","protected":false},"author":2,"featured_media":15668,"comment_status":"closed","ping_status":"open","sticky":false,"template":"","format":"standard","meta":{"_lmt_disableupdate":"","_lmt_disable":"","_jetpack_memberships_contains_paid_content":false,"footnotes":""},"categories":[109,47],"tags":[1871],"class_list":["post-15667","post","type-post","status-publish","format-standard","has-post-thumbnail","hentry","category-minuto-a-minuto","category-zona-gris","tag-producto-interno-bruto-mexico"],"jetpack_featured_media_url":"https:\/\/zonaroja.com.mx\/wp-content\/uploads\/2020\/07\/Ca\u00edda-PIB.jpg","jetpack_sharing_enabled":true,"_links":{"self":[{"href":"https:\/\/zonaroja.com.mx\/index.php?rest_route=\/wp\/v2\/posts\/15667","targetHints":{"allow":["GET"]}}],"collection":[{"href":"https:\/\/zonaroja.com.mx\/index.php?rest_route=\/wp\/v2\/posts"}],"about":[{"href":"https:\/\/zonaroja.com.mx\/index.php?rest_route=\/wp\/v2\/types\/post"}],"author":[{"embeddable":true,"href":"https:\/\/zonaroja.com.mx\/index.php?rest_route=\/wp\/v2\/users\/2"}],"replies":[{"embeddable":true,"href":"https:\/\/zonaroja.com.mx\/index.php?rest_route=%2Fwp%2Fv2%2Fcomments&post=15667"}],"version-history":[{"count":1,"href":"https:\/\/zonaroja.com.mx\/index.php?rest_route=\/wp\/v2\/posts\/15667\/revisions"}],"predecessor-version":[{"id":15669,"href":"https:\/\/zonaroja.com.mx\/index.php?rest_route=\/wp\/v2\/posts\/15667\/revisions\/15669"}],"wp:featuredmedia":[{"embeddable":true,"href":"https:\/\/zonaroja.com.mx\/index.php?rest_route=\/wp\/v2\/media\/15668"}],"wp:attachment":[{"href":"https:\/\/zonaroja.com.mx\/index.php?rest_route=%2Fwp%2Fv2%2Fmedia&parent=15667"}],"wp:term":[{"taxonomy":"category","embeddable":true,"href":"https:\/\/zonaroja.com.mx\/index.php?rest_route=%2Fwp%2Fv2%2Fcategories&post=15667"},{"taxonomy":"post_tag","embeddable":true,"href":"https:\/\/zonaroja.com.mx\/index.php?rest_route=%2Fwp%2Fv2%2Ftags&post=15667"}],"curies":[{"name":"wp","href":"https:\/\/api.w.org\/{rel}","templated":true}]}}