{"id":1567,"date":"2019-06-08T18:32:07","date_gmt":"2019-06-08T23:32:07","guid":{"rendered":"http:\/\/www.zonaroja.com.mx\/?p=1567"},"modified":"2019-06-08T18:32:09","modified_gmt":"2019-06-08T23:32:09","slug":"carniceria-en-la-cuenca-de-oaxaca-10-ejecutados-y-descuartizados","status":"publish","type":"post","link":"https:\/\/zonaroja.com.mx\/?p=1567","title":{"rendered":"Carnicer\u00eda en la Cuenca de Oaxaca: 10 ejecutados y descuartizados"},"content":{"rendered":"\n<figure class=\"wp-block-image\"><img decoding=\"async\" width=\"1024\" height=\"768\" src=\"http:\/\/www.zonaroja.com.mx\/wp-content\/uploads\/2019\/06\/Descuartizados-Cuenca-2-1024x768.jpg\" alt=\"\" class=\"wp-image-1568\" srcset=\"https:\/\/zonaroja.com.mx\/wp-content\/uploads\/2019\/06\/Descuartizados-Cuenca-2-1024x768.jpg 1024w, https:\/\/zonaroja.com.mx\/wp-content\/uploads\/2019\/06\/Descuartizados-Cuenca-2-300x225.jpg 300w, https:\/\/zonaroja.com.mx\/wp-content\/uploads\/2019\/06\/Descuartizados-Cuenca-2-768x576.jpg 768w, https:\/\/zonaroja.com.mx\/wp-content\/uploads\/2019\/06\/Descuartizados-Cuenca-2-585x439.jpg 585w, https:\/\/zonaroja.com.mx\/wp-content\/uploads\/2019\/06\/Descuartizados-Cuenca-2.jpg 1032w\" sizes=\"(max-width: 1024px) 100vw, 1024px\" \/><\/figure>\n\n\n\n<p>Redacci\u00f3n<\/p>\n\n\n\n<p>Oaxaca de\nJu\u00e1rez, Oax. 8 de junio de 2019.- Al menos 10 personas fueron asesinadas en\ncuatro hechos distintos en las primeras horas de este s\u00e1bado en la regi\u00f3n de la\nCuenca de Oaxaca, colindante con el estado de Veracruz.<\/p>\n\n\n\n<p>La mayor\u00eda\nde los cuerpos presenta huellas de tortura; siete fueron descuartizados &#8211;dos son\nfemeninas&#8211; y uno degollado.<\/p>\n\n\n\n<p>La Fiscal\u00eda\nGeneral del Estado de Oaxaca (FGEO) dio a conocer que son nueve las personas\nasesinadas e inform\u00f3 que inici\u00f3 las indagatorias a trav\u00e9s de la Vicefiscal\u00eda\nRegional de la Cuenca.<\/p>\n\n\n\n<p>De acuerdo\ncon el comunicado oficial, alrededor de las 04:45 horas de este 8 de junio, se\nreport\u00f3 una llamada telef\u00f3nica al n\u00famero de emergencia 911, informando que en\nel ejido La Reforma, sobre la carretera que conduce a Ayotzintepec, se\nencontraban 14 bolsas con restos humanos en su interior.<\/p>\n\n\n\n<figure class=\"wp-block-image\"><img decoding=\"async\" width=\"960\" height=\"797\" src=\"http:\/\/www.zonaroja.com.mx\/wp-content\/uploads\/2019\/06\/Descuartizados-Cuenca-1.jpg\" alt=\"\" class=\"wp-image-1569\" srcset=\"https:\/\/zonaroja.com.mx\/wp-content\/uploads\/2019\/06\/Descuartizados-Cuenca-1.jpg 960w, https:\/\/zonaroja.com.mx\/wp-content\/uploads\/2019\/06\/Descuartizados-Cuenca-1-300x249.jpg 300w, https:\/\/zonaroja.com.mx\/wp-content\/uploads\/2019\/06\/Descuartizados-Cuenca-1-768x638.jpg 768w, https:\/\/zonaroja.com.mx\/wp-content\/uploads\/2019\/06\/Descuartizados-Cuenca-1-585x486.jpg 585w\" sizes=\"(max-width: 960px) 100vw, 960px\" \/><\/figure>\n\n\n\n<p>Dichos\ncuerpos, cinco de los cuales son hombres y dos mujeres, presentaban huellas de\ntortura y desprendimiento de sus extremidades, sin que hasta el momento hayan\nsido identificados.<\/p>\n\n\n\n<p>Por estos\nhechos, a trav\u00e9s de la Vicefiscal\u00eda Regional de la Cuenca, inici\u00f3 la carpeta de\ninvestigaci\u00f3n 19364\/FCUE\/TUXTEPEC\/2019, por el delito de homicidio.<\/p>\n\n\n\n<p>En un\nsegundo hecho, a las 07:00 horas de hoy, en la Segunda Secci\u00f3n de San Felipe\nJalapa de D\u00edaz, se report\u00f3 el cuerpo sin vida de una persona del sexo\nmasculino, identificado como Fabi\u00e1n P\u00e9rez, de aproximadamente 30 a\u00f1os de edad, quien\npresentaba disparos por proyectil de arma de fuego. Derivado de este hecho se\ninici\u00f3 la carpeta de investigaci\u00f3n 19365\/FCUE\/TUXTEPEC\/2019.<\/p>\n\n\n\n<p>En un tercer\nlugar, se realiz\u00f3 el levantamiento de un cuerpo sin vida localizado a la altura\ndel puente Amapa, Soyaltepec, en el tramo de la carretera federal a Temascal,\nel cual fue ubicado en dos bolsas de color negra. Este individuo fue conocido\ncomo Arturo Flores Rodr\u00edguez.<\/p>\n\n\n\n<p>En un cuarto\nhecho, que no consign\u00f3 la Fiscal\u00eda General en su bolet\u00edn, otra persona fue\nlocalizada sin vida en la comunidad de El Porvenir, San Juan Bautista Tuxtepec.\nFue decapitada presuntamente con un machete e identificada de manera preliminar\ncomo Arturo R. En todos estos casos, no hay personas detenidas por parte de\ncorporaciones de seguridad p\u00fablica o de la Agencia Estatal de Investigaciones.<\/p>\n","protected":false},"excerpt":{"rendered":"<p>Redacci\u00f3n Oaxaca de Ju\u00e1rez, Oax. 8 de junio de 2019.- Al menos 10 personas fueron&hellip;<\/p>\n","protected":false},"author":2,"featured_media":0,"comment_status":"closed","ping_status":"open","sticky":false,"template":"","format":"standard","meta":{"_lmt_disableupdate":"","_lmt_disable":"","_jetpack_memberships_contains_paid_content":false,"footnotes":""},"categories":[51],"tags":[70,73,72,59,71],"class_list":["post-1567","post","type-post","status-publish","format-standard","hentry","category-zona-roja","tag-cuenca","tag-descuartizados","tag-ejecutados","tag-fiscalia-general-del-estado","tag-tuxtepec"],"jetpack_featured_media_url":"","jetpack_sharing_enabled":true,"_links":{"self":[{"href":"https:\/\/zonaroja.com.mx\/index.php?rest_route=\/wp\/v2\/posts\/1567","targetHints":{"allow":["GET"]}}],"collection":[{"href":"https:\/\/zonaroja.com.mx\/index.php?rest_route=\/wp\/v2\/posts"}],"about":[{"href":"https:\/\/zonaroja.com.mx\/index.php?rest_route=\/wp\/v2\/types\/post"}],"author":[{"embeddable":true,"href":"https:\/\/zonaroja.com.mx\/index.php?rest_route=\/wp\/v2\/users\/2"}],"replies":[{"embeddable":true,"href":"https:\/\/zonaroja.com.mx\/index.php?rest_route=%2Fwp%2Fv2%2Fcomments&post=1567"}],"version-history":[{"count":1,"href":"https:\/\/zonaroja.com.mx\/index.php?rest_route=\/wp\/v2\/posts\/1567\/revisions"}],"predecessor-version":[{"id":1570,"href":"https:\/\/zonaroja.com.mx\/index.php?rest_route=\/wp\/v2\/posts\/1567\/revisions\/1570"}],"wp:attachment":[{"href":"https:\/\/zonaroja.com.mx\/index.php?rest_route=%2Fwp%2Fv2%2Fmedia&parent=1567"}],"wp:term":[{"taxonomy":"category","embeddable":true,"href":"https:\/\/zonaroja.com.mx\/index.php?rest_route=%2Fwp%2Fv2%2Fcategories&post=1567"},{"taxonomy":"post_tag","embeddable":true,"href":"https:\/\/zonaroja.com.mx\/index.php?rest_route=%2Fwp%2Fv2%2Ftags&post=1567"}],"curies":[{"name":"wp","href":"https:\/\/api.w.org\/{rel}","templated":true}]}}