{"id":15671,"date":"2020-07-31T07:56:26","date_gmt":"2020-07-31T12:56:26","guid":{"rendered":"http:\/\/www.zonaroja.com.mx\/?p=15671"},"modified":"2020-07-31T07:56:29","modified_gmt":"2020-07-31T12:56:29","slug":"cuadernos-de-la-pandemia-llega-a-su-octava-edicion-en-oaxaca","status":"publish","type":"post","link":"https:\/\/zonaroja.com.mx\/?p=15671","title":{"rendered":"\u201cCuadernos de la Pandemia\u201d llega a su octava edici\u00f3n en Oaxaca"},"content":{"rendered":"\n<p>Evlin Arag\u00f3n\/Zona Roja.<\/p>\n\n\n\n<p>Oaxaca de Ju\u00e1rez, Oax., 31 de julio de\n2020.- A cuatro meses de haber sido declarada la emergencia sanitaria en M\u00e9xico\ny a\u00fan con un amplio \u00edndice de contagio en todo el pa\u00eds, hablar de la pandemia\nsigue siendo necesario, particularmente abordar sus efectos m\u00e1s all\u00e1 del \u00e1rea\nde salud que evidentemente se encuentra en crisis. <\/p>\n\n\n\n<p>En el n\u00famero ocho de \u201cCuadernos de la\nPandemia\u201d, revista digital editada por Isidoro Yescas Mart\u00ednez y Claudio\nS\u00e1nchez Islas, la reflexi\u00f3n en torno a la Covid-19 contin\u00faa y en esta ocasi\u00f3n\ncoinciden en que ning\u00fan gobierno parece encontrar salida a la larga crisis\nsanitaria y econ\u00f3mica que padece la poblaci\u00f3n en el pa\u00eds.&nbsp; <\/p>\n\n\n\n<p>Prueba de ello es que M\u00e9xico ya entr\u00f3\nen la lista negra de pa\u00edses con los m\u00e1s altos niveles de contagios y muertes,\nante la incredulidad sobre la existencia del virus de buena parte de la\npoblaci\u00f3n, que se resiste a seguir las medidas sanitarias propuestas en la\nmayor parte del mundo y la falta de pol\u00edtica p\u00fablicas efectivas para hacer\nfrente a la contingencia.<\/p>\n\n\n\n<p>\u201cVac\u00edos de autoridad, irresponsabilidad\nciudadana, ausencias institucionales, un sistema de salud endeble y corrompido\ny hasta la improvisaci\u00f3n y el caos se mantienen como obst\u00e1culos al impulso de\npol\u00edticas p\u00fablicas eficaces\u201d, refiere la presentaci\u00f3n de la reciente edici\u00f3n.&nbsp; <\/p>\n\n\n\n<p>Las plumas profesionales que participan\nponen puntual atenci\u00f3n a la inacci\u00f3n de la autoridad estatal que describen \u201cen\nmodo avi\u00f3n\u201d ya que lejos de atender la contingencia sanitaria y econ\u00f3mica han\nrecurrido a distractores medi\u00e1ticos y costosas campa\u00f1as publicitarias para promover\nun Oaxaca tur\u00edstico muy alejado de la realidad actual.&nbsp; <\/p>\n\n\n\n<p>Retratan tambi\u00e9n los cambios\nregistrados en los ritos y costumbres de los funerales en pa\u00edses de Am\u00e9rica\nLatina, as\u00ed como las recientes afectaciones a los pueblos ind\u00edgenas del\nJuchit\u00e1n de Zaragoza, Santa Mar\u00eda Chimalapas y otra decena m\u00e1s que mantienen\nuna defensa de sus recursos naturales.&nbsp;&nbsp; <\/p>\n\n\n\n<p>En esta ocasi\u00f3n, la revista digital\npresenta lo art\u00edculos: \u201cJuchit\u00e1n: escenas del fin del mundo\u201d, de Samael\nHern\u00e1ndez Ruiz; \u201cEn el Istmo \u2018ni el Mico de noche sale\u2019\u201d, de Manuel M. Matus; \u201cSanta\nMar\u00eda Chimalapa: entre contagios, muertos y conflictos post-electorales\u201d, de\nIsabel Sosa Guti\u00e9rrez; y \u201cAislados por la pandemia pueblos ind\u00edgenas desaf\u00edan a\nlas mineras\u201d, de Pedro Mat\u00edas. <\/p>\n\n\n\n<p>As\u00ed mismo, cuenta con la participaci\u00f3n\nde Prometeo S\u00e1nchez Islas, Olga Montes Garc\u00eda, Bartolom\u00e9 Rodolfo Navarro\nJim\u00e9nez, Miguel A. Ramos Jarqu\u00edn, Rodrigo Vel\u00e1squez Torres, Lupita Thomas,\nConcepci\u00f3n Villalobos L\u00f3pez, Connectas y Flavio Sosa.&nbsp; <\/p>\n","protected":false},"excerpt":{"rendered":"<p>Evlin Arag\u00f3n\/Zona Roja. Oaxaca de Ju\u00e1rez, Oax., 31 de julio de 2020.- A cuatro meses&hellip;<\/p>\n","protected":false},"author":2,"featured_media":15672,"comment_status":"closed","ping_status":"open","sticky":false,"template":"","format":"standard","meta":{"_lmt_disableupdate":"","_lmt_disable":"","_jetpack_memberships_contains_paid_content":false,"footnotes":""},"categories":[109,46],"tags":[1655],"class_list":["post-15671","post","type-post","status-publish","format-standard","has-post-thumbnail","hentry","category-minuto-a-minuto","category-zona-blanca","tag-cuadernos-de-la-pandemia"],"jetpack_featured_media_url":"https:\/\/zonaroja.com.mx\/wp-content\/uploads\/2020\/07\/Cuadernos-de-la-Pandemia.jpg","jetpack_sharing_enabled":true,"_links":{"self":[{"href":"https:\/\/zonaroja.com.mx\/index.php?rest_route=\/wp\/v2\/posts\/15671","targetHints":{"allow":["GET"]}}],"collection":[{"href":"https:\/\/zonaroja.com.mx\/index.php?rest_route=\/wp\/v2\/posts"}],"about":[{"href":"https:\/\/zonaroja.com.mx\/index.php?rest_route=\/wp\/v2\/types\/post"}],"author":[{"embeddable":true,"href":"https:\/\/zonaroja.com.mx\/index.php?rest_route=\/wp\/v2\/users\/2"}],"replies":[{"embeddable":true,"href":"https:\/\/zonaroja.com.mx\/index.php?rest_route=%2Fwp%2Fv2%2Fcomments&post=15671"}],"version-history":[{"count":1,"href":"https:\/\/zonaroja.com.mx\/index.php?rest_route=\/wp\/v2\/posts\/15671\/revisions"}],"predecessor-version":[{"id":15673,"href":"https:\/\/zonaroja.com.mx\/index.php?rest_route=\/wp\/v2\/posts\/15671\/revisions\/15673"}],"wp:featuredmedia":[{"embeddable":true,"href":"https:\/\/zonaroja.com.mx\/index.php?rest_route=\/wp\/v2\/media\/15672"}],"wp:attachment":[{"href":"https:\/\/zonaroja.com.mx\/index.php?rest_route=%2Fwp%2Fv2%2Fmedia&parent=15671"}],"wp:term":[{"taxonomy":"category","embeddable":true,"href":"https:\/\/zonaroja.com.mx\/index.php?rest_route=%2Fwp%2Fv2%2Fcategories&post=15671"},{"taxonomy":"post_tag","embeddable":true,"href":"https:\/\/zonaroja.com.mx\/index.php?rest_route=%2Fwp%2Fv2%2Ftags&post=15671"}],"curies":[{"name":"wp","href":"https:\/\/api.w.org\/{rel}","templated":true}]}}