{"id":15674,"date":"2020-07-31T10:10:00","date_gmt":"2020-07-31T15:10:00","guid":{"rendered":"http:\/\/www.zonaroja.com.mx\/?p=15674"},"modified":"2020-07-31T10:10:04","modified_gmt":"2020-07-31T15:10:04","slug":"padre-de-nina-violentada-en-montoya-reconoce-ser-el-agresor-mujer-sigue-detenida","status":"publish","type":"post","link":"https:\/\/zonaroja.com.mx\/?p=15674","title":{"rendered":"Padre de ni\u00f1a violentada en Montoya reconoce ser el agresor; mujer sigue detenida"},"content":{"rendered":"\n<p>Yuridiana Sosa\/Zona Roja.<\/p>\n\n\n\n<p>Oaxaca de Ju\u00e1rez, Oax., 31 de julio de\n2020.- Jos\u00e9 Antonio O. E., padre de la menor de 11 a\u00f1os rescatada por la\nPolic\u00eda Municipal de Oaxaca de Ju\u00e1rez en la agencia de Montoya por sufrir\nviolencia en su hogar, confes\u00f3 ser el agresor f\u00edsico de su hija, pero su\nconcubina sigue detenida, en tanto \u00e9l huy\u00f3.<\/p>\n\n\n\n<p>El pasado 24 de julio la pareja de\nJos\u00e9, J. T. L. L, fue aprehendida como presunta responsable de ejercer violencia\nfamiliar y lesiones calificadas contra la menor, quien el 13 de julio fue\nrescatada.<\/p>\n\n\n\n<p>Los primeros informes emitidos por la\nFiscal\u00eda General del Estado indicaron que ante la agresi\u00f3n, fue la ni\u00f1a P. E.\nL. O. J., quien pidi\u00f3 ayuda a los vecinos, hechos por los que se inici\u00f3 la\ncarpeta de investigaci\u00f3n 21434\/FMUJ\/UDNA\/2020.<\/p>\n\n\n\n<p>Sin embargo, en su declaraci\u00f3n, Jos\u00e9\nrevela una versi\u00f3n distinta de los hechos, en los que deslinda de la golpiza a\nsu pareja sentimental, expone un documento en posesi\u00f3n de ZONA ROJA.<\/p>\n\n\n\n<p>Jos\u00e9 confes\u00f3 que el d\u00eda de la agresi\u00f3n\narrib\u00f3 a su casa en estado de ebriedad, lo cual ocasion\u00f3 una discusi\u00f3n con su\npareja, pues adem\u00e1s se gast\u00f3 el dinero del gasto familiar en bebidas\nembriagantes.<\/p>\n\n\n\n<p>En la discusi\u00f3n intervino la menor de\n11 a\u00f1os, quien adem\u00e1s de pedir a los adultos no continuar con la pelea tambi\u00e9n\nreclam\u00f3 a su padre la misma situaci\u00f3n que minutos antes realiz\u00f3 la mujer.<\/p>\n\n\n\n<p>\u201cPerd\u00ed el control y la empec\u00e9 a\ngolpear, le di una cachetada en la cara y golpes con el cintur\u00f3n en el cuerpo\u201d\ndice el hombre, quien agreg\u00f3 que fue hasta el 13 de julio cuando se registr\u00f3 el\nresguardo de su hija por parte de la Direcci\u00f3n de Seguridad P\u00fablica del\nmunicipio de Oaxaca de Ju\u00e1rez.<\/p>\n\n\n\n<p>Las fechas de los hechos violentos no\ncorresponden a lo citado en la carpeta de investigaci\u00f3n, pues seg\u00fan la Fiscal\u00eda\nlos hechos ocurrieron el 13 de julio de 2020, aproximadamente a las 17: 00\nhoras, d\u00eda que el padre dice s\u00f3lo se registr\u00f3 el resguardo.<\/p>\n\n\n\n<p>El informe oficial indic\u00f3 que \u201ccon base\na dict\u00e1menes m\u00e9dicos realizados por la instituci\u00f3n de procuraci\u00f3n de justicia,\nse estableci\u00f3 que la ni\u00f1a presenta s\u00edndrome del ni\u00f1o maltratado, toda vez que\nmuestra m\u00faltiples lesiones por golpes contusos provocados desde una mano, hasta\npor objetos como palos, hebillas de cintur\u00f3n, zapatos, entre otros\u201d.<\/p>\n\n\n\n<p>La mujer sigue detenida, mientras la\nmenor contin\u00faa en resguardo de la Procuradur\u00eda para la Defensa del Menor y la\nFamilia, del DIF estatal.<\/p>\n\n\n\n<p>Vecinos de la familia indicaron que el\npadre no cuenta con un trabajo estable y de forma constante se embriaga, y que\nrecientemente se dio a la fuga para no ser aprehendido.<\/p>\n","protected":false},"excerpt":{"rendered":"<p>Yuridiana Sosa\/Zona Roja. Oaxaca de Ju\u00e1rez, Oax., 31 de julio de 2020.- Jos\u00e9 Antonio O.&hellip;<\/p>\n","protected":false},"author":2,"featured_media":15675,"comment_status":"closed","ping_status":"open","sticky":false,"template":"","format":"standard","meta":{"_lmt_disableupdate":"","_lmt_disable":"","_jetpack_memberships_contains_paid_content":false,"footnotes":""},"categories":[109,47],"tags":[1635],"class_list":["post-15674","post","type-post","status-publish","format-standard","has-post-thumbnail","hentry","category-minuto-a-minuto","category-zona-gris","tag-violencia-de-genero-en-oaxaca"],"jetpack_featured_media_url":"https:\/\/zonaroja.com.mx\/wp-content\/uploads\/2020\/07\/Polic\u00eda-municipal-ni\u00f1a-maltratada.jpeg","jetpack_sharing_enabled":true,"_links":{"self":[{"href":"https:\/\/zonaroja.com.mx\/index.php?rest_route=\/wp\/v2\/posts\/15674","targetHints":{"allow":["GET"]}}],"collection":[{"href":"https:\/\/zonaroja.com.mx\/index.php?rest_route=\/wp\/v2\/posts"}],"about":[{"href":"https:\/\/zonaroja.com.mx\/index.php?rest_route=\/wp\/v2\/types\/post"}],"author":[{"embeddable":true,"href":"https:\/\/zonaroja.com.mx\/index.php?rest_route=\/wp\/v2\/users\/2"}],"replies":[{"embeddable":true,"href":"https:\/\/zonaroja.com.mx\/index.php?rest_route=%2Fwp%2Fv2%2Fcomments&post=15674"}],"version-history":[{"count":1,"href":"https:\/\/zonaroja.com.mx\/index.php?rest_route=\/wp\/v2\/posts\/15674\/revisions"}],"predecessor-version":[{"id":15676,"href":"https:\/\/zonaroja.com.mx\/index.php?rest_route=\/wp\/v2\/posts\/15674\/revisions\/15676"}],"wp:featuredmedia":[{"embeddable":true,"href":"https:\/\/zonaroja.com.mx\/index.php?rest_route=\/wp\/v2\/media\/15675"}],"wp:attachment":[{"href":"https:\/\/zonaroja.com.mx\/index.php?rest_route=%2Fwp%2Fv2%2Fmedia&parent=15674"}],"wp:term":[{"taxonomy":"category","embeddable":true,"href":"https:\/\/zonaroja.com.mx\/index.php?rest_route=%2Fwp%2Fv2%2Fcategories&post=15674"},{"taxonomy":"post_tag","embeddable":true,"href":"https:\/\/zonaroja.com.mx\/index.php?rest_route=%2Fwp%2Fv2%2Ftags&post=15674"}],"curies":[{"name":"wp","href":"https:\/\/api.w.org\/{rel}","templated":true}]}}