{"id":15686,"date":"2020-07-31T15:30:34","date_gmt":"2020-07-31T20:30:34","guid":{"rendered":"http:\/\/www.zonaroja.com.mx\/?p=15686"},"modified":"2020-07-31T15:30:37","modified_gmt":"2020-07-31T20:30:37","slug":"rechaza-diputada-afectar-a-empresas-con-prohibicion-de-refrescos-en-oaxaca","status":"publish","type":"post","link":"https:\/\/zonaroja.com.mx\/?p=15686","title":{"rendered":"Rechaza diputada afectar a empresas con prohibici\u00f3n de refrescos en Oaxaca"},"content":{"rendered":"\n<p>Redacci\u00f3n\/Zona Roja.<\/p>\n\n\n\n<p>Oaxaca de Ju\u00e1rez, Oax., 31 de julio de\n2020.- La diputada local Magaly L\u00f3pez Dom\u00ednguez manifest\u00f3 su rechazo a la\nposici\u00f3n de diversos organismos empresariales del estado que se oponen a\nprohibir la venta de refrescos y alimentos chatarra a menores de edad.<\/p>\n\n\n\n<p>\u201cDe ninguna manera se busca castigar a\nlos comerciantes; eso es una mentira\u201d, manifest\u00f3 la legisladora. Asimismo,\nlament\u00f3 que el sector empresarial intente hacer creer a la poblaci\u00f3n que la\nreforma legal implicar\u00eda una cat\u00e1strofe econ\u00f3mica para Oaxaca.<\/p>\n\n\n\n<p>La reforma legal -dijo- no afectar\u00e1 a\nlas peque\u00f1as tiendas de abarrotes, como aseguran las organizaciones\nempresariales, esos comercios podr\u00e1n continuar normalmente la venta de\nrefrescos y alimentos chatarra. <\/p>\n\n\n\n<p>La \u00fanica limitaci\u00f3n es que no podr\u00e1n\nhacerlo a menores de edad, como ocurre actualmente con la venta de los cigarros\ny las bebidas alcoh\u00f3licas.<\/p>\n\n\n\n<p>En este sentido, este mi\u00e9rcoles 29 de\njulio, el Congreso del Estado puso a disposici\u00f3n del Pleno, en primera lectura,\nel dictamen con proyecto de decreto por el cual se adiciona un Art\u00edculo 20 bis\na la Ley de Derechos de Ni\u00f1as, Ni\u00f1os y Adolescentes del Estado de Oaxaca, que\nser\u00e1 sometido a votaci\u00f3n el pr\u00f3ximo mi\u00e9rcoles 5 de agosto.<\/p>\n\n\n\n<p>De aprobarse, la ley prohibir\u00eda la\ndistribuci\u00f3n, venta, regalo y suministro de bebidas azucaradas y alimentos\nenvasados de alto contenido cal\u00f3rico a menores de edad en el estado y en\nescuelas p\u00fablicas y privadas de educaci\u00f3n b\u00e1sica y media superior, mediante\ndistribuidores autom\u00e1ticos o m\u00e1quinas expendedoras en las instituciones\neducativas.<\/p>\n\n\n\n<p>\u201cLa propuesta se basa en diversos\nestudios cient\u00edficos realizados en M\u00e9xico y en otras partes del mundo. Uno de\nestos deduce que en M\u00e9xico, seis de cada 10 muertes se atribuyen al consumo de\nbebidas azucaradas en adultos de menos de 45 a\u00f1os\u00bb, reiter\u00f3 L\u00f3pez Dom\u00ednguez.<\/p>\n\n\n\n<p>Tambi\u00e9n, se\u00f1ala que desde el 2016, el\npa\u00eds est\u00e1 bajo emergencias sanitarias por sobrepeso, obesidad y diabetes\nmellitus, que siguen vigentes, sin que eso parezca importar a los empresarios.<\/p>\n\n\n\n<p>\u00abEl proceso legislativo es\np\u00fablico, y tambi\u00e9n fueron p\u00fablicas las sesiones de la comisi\u00f3n en las cuales se\ndiscuti\u00f3 la iniciativa\u201d, abund\u00f3 la representante popular.<\/p>\n\n\n\n<p>\u201cLa del pr\u00f3ximo mi\u00e9rcoles ser\u00e1 una\nvotaci\u00f3n hist\u00f3rica, porque vamos a ver de manera clara qui\u00e9nes est\u00e1n a favor de\nlos intereses econ\u00f3micos de los grandes capitales, y qui\u00e9nes est\u00e1n por proteger\nla salud y la vida de nuestras hijas y nuestros hijos\u201d, enfatiz\u00f3.<\/p>\n","protected":false},"excerpt":{"rendered":"<p>Redacci\u00f3n\/Zona Roja. Oaxaca de Ju\u00e1rez, Oax., 31 de julio de 2020.- La diputada local Magaly&hellip;<\/p>\n","protected":false},"author":2,"featured_media":15688,"comment_status":"closed","ping_status":"open","sticky":false,"template":"","format":"standard","meta":{"_lmt_disableupdate":"","_lmt_disable":"","_jetpack_memberships_contains_paid_content":false,"footnotes":""},"categories":[109,47],"tags":[192],"class_list":["post-15686","post","type-post","status-publish","format-standard","has-post-thumbnail","hentry","category-minuto-a-minuto","category-zona-gris","tag-diputada-magaly-lopez-dominguez"],"jetpack_featured_media_url":"https:\/\/zonaroja.com.mx\/wp-content\/uploads\/2020\/07\/FOTO-Diputada-Magaly-L\u00f3pez-Dom\u00ednguez-2-1.jpg","jetpack_sharing_enabled":true,"_links":{"self":[{"href":"https:\/\/zonaroja.com.mx\/index.php?rest_route=\/wp\/v2\/posts\/15686","targetHints":{"allow":["GET"]}}],"collection":[{"href":"https:\/\/zonaroja.com.mx\/index.php?rest_route=\/wp\/v2\/posts"}],"about":[{"href":"https:\/\/zonaroja.com.mx\/index.php?rest_route=\/wp\/v2\/types\/post"}],"author":[{"embeddable":true,"href":"https:\/\/zonaroja.com.mx\/index.php?rest_route=\/wp\/v2\/users\/2"}],"replies":[{"embeddable":true,"href":"https:\/\/zonaroja.com.mx\/index.php?rest_route=%2Fwp%2Fv2%2Fcomments&post=15686"}],"version-history":[{"count":1,"href":"https:\/\/zonaroja.com.mx\/index.php?rest_route=\/wp\/v2\/posts\/15686\/revisions"}],"predecessor-version":[{"id":15689,"href":"https:\/\/zonaroja.com.mx\/index.php?rest_route=\/wp\/v2\/posts\/15686\/revisions\/15689"}],"wp:featuredmedia":[{"embeddable":true,"href":"https:\/\/zonaroja.com.mx\/index.php?rest_route=\/wp\/v2\/media\/15688"}],"wp:attachment":[{"href":"https:\/\/zonaroja.com.mx\/index.php?rest_route=%2Fwp%2Fv2%2Fmedia&parent=15686"}],"wp:term":[{"taxonomy":"category","embeddable":true,"href":"https:\/\/zonaroja.com.mx\/index.php?rest_route=%2Fwp%2Fv2%2Fcategories&post=15686"},{"taxonomy":"post_tag","embeddable":true,"href":"https:\/\/zonaroja.com.mx\/index.php?rest_route=%2Fwp%2Fv2%2Ftags&post=15686"}],"curies":[{"name":"wp","href":"https:\/\/api.w.org\/{rel}","templated":true}]}}