{"id":15691,"date":"2020-07-31T17:18:18","date_gmt":"2020-07-31T22:18:18","guid":{"rendered":"https:\/\/www.zonaroja.com.mx\/?p=15691"},"modified":"2020-07-31T17:18:21","modified_gmt":"2020-07-31T22:18:21","slug":"desplazados-triquis-exigen-intervencion-de-ddhpo-a-10-anos-de-desalojo","status":"publish","type":"post","link":"https:\/\/zonaroja.com.mx\/?p=15691","title":{"rendered":"Desplazados triquis exigen intervenci\u00f3n de DDHPO, a 10 a\u00f1os de desalojo"},"content":{"rendered":"\n<p class=\"MsoNormal\">Yuridiana Sosa\/Zona Roja.&nbsp;<\/p>\n\n\n\n<p class=\"MsoNormal\">Oaxaca de Ju\u00e1rez, Oax., 31 de julio de 2020.-&nbsp; Un grupo de desplazados triquis de las comunidades de San Juan y San Miguel Copala, se manifest\u00f3 en las instalaciones de la Defensor\u00eda de los Derechos Humanos del Pueblo de Oaxaca (DDHPO) para exigir el respeto de sus derechos e intervenci\u00f3n del organismo para buscar las condiciones para el regreso a su comunidad.<\/p>\n\n\n\n<p class=\"MsoNormal\">A una d\u00e9cada del desalojo violento por la organizaci\u00f3n Movimiento de Unificaci\u00f3n y Lucha Triqui, los afectados demandan el cumplimiento de las medidas cautelares otorgadas para m\u00e1s de un centenar de personas, pues los gobiernos estatales de Gabino Cu\u00e9 y Alejandro Murat han garantizado su protecci\u00f3n, manifest\u00f3 su representante, Manuel Escalante.<\/p>\n\n\n\n<p class=\"MsoNormal\">En el transcurso de ese lapso han asesinado, de manera injusta, a m\u00e1s de 30 personas, as\u00ed como encarcelado a pobladores defensores de la lucha del pueblo Triqui, por quienes exigen liberaci\u00f3n inmediata.<\/p>\n\n\n\n<p class=\"MsoNormal\">La comunidad afectada sufre reprensi\u00f3n y sin acceso a vivienda digna, servicios de salud, educaci\u00f3n para los menores de edad que han crecido entre plantones y carencias en alimentaci\u00f3n, dijo el representante.&nbsp;<\/p>\n\n\n\n<p class=\"MsoNormal\">Durante la manifestaci\u00f3n, los desplazados, representados por la organizaci\u00f3n Movimiento de Unificaci\u00f3n y Lucha Triqui Independiente (MULTI), entregaron a la DDHPO una lista de los nombres de las personas desplazadas a fin de que no exista confusi\u00f3n y otras organizaciones o movimientos sociales quieran lucrar a espaldas con sus demandas.&nbsp;<\/p>\n\n\n\n<p class=\"MsoNormal\">De no conseguir respuestas satisfactorias a sus peticiones, se reorganizar\u00e1n para comenzar otra jornada de protestas, entre las que contemplan acciones como cierre de carreteras en Oaxaca.<\/p>\n","protected":false},"excerpt":{"rendered":"<p>Yuridiana Sosa\/Zona Roja.&nbsp; Oaxaca de Ju\u00e1rez, Oax., 31 de julio de 2020.-&nbsp; Un grupo de&hellip;<\/p>\n","protected":false},"author":2,"featured_media":15690,"comment_status":"closed","ping_status":"open","sticky":false,"template":"","format":"standard","meta":{"_lmt_disableupdate":"","_lmt_disable":"","_jetpack_memberships_contains_paid_content":false,"footnotes":""},"categories":[109,47],"tags":[],"class_list":["post-15691","post","type-post","status-publish","format-standard","has-post-thumbnail","hentry","category-minuto-a-minuto","category-zona-gris"],"jetpack_featured_media_url":"https:\/\/zonaroja.com.mx\/wp-content\/uploads\/2020\/07\/e43c58d0-8552-4eac-b78e-9da47de6cfdf.jpg","jetpack_sharing_enabled":true,"_links":{"self":[{"href":"https:\/\/zonaroja.com.mx\/index.php?rest_route=\/wp\/v2\/posts\/15691","targetHints":{"allow":["GET"]}}],"collection":[{"href":"https:\/\/zonaroja.com.mx\/index.php?rest_route=\/wp\/v2\/posts"}],"about":[{"href":"https:\/\/zonaroja.com.mx\/index.php?rest_route=\/wp\/v2\/types\/post"}],"author":[{"embeddable":true,"href":"https:\/\/zonaroja.com.mx\/index.php?rest_route=\/wp\/v2\/users\/2"}],"replies":[{"embeddable":true,"href":"https:\/\/zonaroja.com.mx\/index.php?rest_route=%2Fwp%2Fv2%2Fcomments&post=15691"}],"version-history":[{"count":1,"href":"https:\/\/zonaroja.com.mx\/index.php?rest_route=\/wp\/v2\/posts\/15691\/revisions"}],"predecessor-version":[{"id":15692,"href":"https:\/\/zonaroja.com.mx\/index.php?rest_route=\/wp\/v2\/posts\/15691\/revisions\/15692"}],"wp:featuredmedia":[{"embeddable":true,"href":"https:\/\/zonaroja.com.mx\/index.php?rest_route=\/wp\/v2\/media\/15690"}],"wp:attachment":[{"href":"https:\/\/zonaroja.com.mx\/index.php?rest_route=%2Fwp%2Fv2%2Fmedia&parent=15691"}],"wp:term":[{"taxonomy":"category","embeddable":true,"href":"https:\/\/zonaroja.com.mx\/index.php?rest_route=%2Fwp%2Fv2%2Fcategories&post=15691"},{"taxonomy":"post_tag","embeddable":true,"href":"https:\/\/zonaroja.com.mx\/index.php?rest_route=%2Fwp%2Fv2%2Ftags&post=15691"}],"curies":[{"name":"wp","href":"https:\/\/api.w.org\/{rel}","templated":true}]}}