{"id":15693,"date":"2020-07-31T19:37:29","date_gmt":"2020-08-01T00:37:29","guid":{"rendered":"http:\/\/www.zonaroja.com.mx\/?p=15693"},"modified":"2020-07-31T19:43:27","modified_gmt":"2020-08-01T00:43:27","slug":"denuncia-retencion-de-pobladores-y-policias-de-san-martin-peras-segego-y-fiscalia-ausentes","status":"publish","type":"post","link":"https:\/\/zonaroja.com.mx\/?p=15693","title":{"rendered":"Denuncian retenci\u00f3n de pobladores y polic\u00edas de San Mart\u00edn Peras; Segego y Fiscal\u00eda ausentes"},"content":{"rendered":"\n<p>Yuridiana Sosa\/Zona Roja.<\/p>\n\n\n\n<p>Oaxaca de Ju\u00e1rez, Oax., 31 de julio de\n2020.-&nbsp; Mientras regresaban de una\njornada laboral, seis ciudadanos y seis polic\u00edas municipales de San Mart\u00edn\nPeras fueron privados de su libertad presuntamente por un grupo de habitantes\nde la agencia de Santos Reyes Zochiquilazala, de Santiago Juxtlahuaca.<\/p>\n\n\n\n<p>As\u00ed lo denunci\u00f3 el presidente de San\nMart\u00edn Peras, Rom\u00e1n Ju\u00e1rez Cruz, quien se\u00f1al\u00f3 omisi\u00f3n por parte de la Fiscal\u00eda\nGeneral del Estado y de la Secretar\u00eda General de Gobierno de Oaxaca (Segego),\npues a m\u00e1s de 24 horas de los hechos no han intervenido y desconocen el estado\nque guarda la vida de sus habitantes.<\/p>\n\n\n\n<p>El edil explic\u00f3 que cerca de las 17:00\nhoras de este jueves seis polic\u00edas, tres trabajadores alba\u00f1iles y tres\npobladores que pastoreaban, fueron llevados contra su voluntad por un grupo de personas\narmadas en un camino a 200 metros de la desviaci\u00f3n de Zochiquilazala, que\ncomunica con Tecomaxtlahuaca.<\/p>\n\n\n\n<p>Los polic\u00edas acudieron al lugar para\nrecoger, como cada d\u00eda, a los tres alba\u00f1iles que trabajan en una obra de agua\npotable en una de sus comunidades.<\/p>\n\n\n\n<p>De cualquier situaci\u00f3n que les ocurra a\nsus habitantes responsabiliz\u00f3 al Gobernador del Estado, Alejandro Murat\nHinojosa; al secretario General H\u00e9ctor Anuar Mafud y al fiscal Rub\u00e9n\nVasconcelos, por su desatenci\u00f3n al problema, as\u00ed como sentenciaron con realizar\nprotestas de no recibir respuesta a su demanda.<\/p>\n\n\n\n<p>Ju\u00e1rez Cruz dijo que a m\u00e1s de 24 horas\nno han establecido comunicaci\u00f3n con las autoridades o habitantes de las\ncomunidades vecinas, con quienes existe de por medio un convenio de\nconciliaci\u00f3n agraria por un a\u00f1ejo conflicto de l\u00edmites.<\/p>\n\n\n\n<p>El presidente desconoce si este hecho\nest\u00e1 relacionado al problema, pues conf\u00eda en el convenio que se firm\u00f3 en marzo\ndel 2019 y desde ese entonces no hab\u00edan surgido otros problemas.<\/p>\n\n\n\n<p>Pero esta no es la primera ocasi\u00f3n que\nse registra una retenci\u00f3n de pobladores de San Mart\u00edn Peras por parte de Santos\nReyes Zochiquilazala, de Juxtlahuaca, quienes en enero de 2019 actuaron en\nexigencia de justicia por una emboscada que hab\u00edan recibido por sus vecinos.<\/p>\n","protected":false},"excerpt":{"rendered":"<p>Yuridiana Sosa\/Zona Roja. Oaxaca de Ju\u00e1rez, Oax., 31 de julio de 2020.-&nbsp; Mientras regresaban de&hellip;<\/p>\n","protected":false},"author":2,"featured_media":15694,"comment_status":"closed","ping_status":"open","sticky":false,"template":"","format":"standard","meta":{"_lmt_disableupdate":"","_lmt_disable":"","_jetpack_memberships_contains_paid_content":false,"footnotes":""},"categories":[109,47],"tags":[1872],"class_list":["post-15693","post","type-post","status-publish","format-standard","has-post-thumbnail","hentry","category-minuto-a-minuto","category-zona-gris","tag-san-martin-peras"],"jetpack_featured_media_url":"https:\/\/zonaroja.com.mx\/wp-content\/uploads\/2020\/07\/San-Mart\u00edn-Peras-2.jpg","jetpack_sharing_enabled":true,"_links":{"self":[{"href":"https:\/\/zonaroja.com.mx\/index.php?rest_route=\/wp\/v2\/posts\/15693","targetHints":{"allow":["GET"]}}],"collection":[{"href":"https:\/\/zonaroja.com.mx\/index.php?rest_route=\/wp\/v2\/posts"}],"about":[{"href":"https:\/\/zonaroja.com.mx\/index.php?rest_route=\/wp\/v2\/types\/post"}],"author":[{"embeddable":true,"href":"https:\/\/zonaroja.com.mx\/index.php?rest_route=\/wp\/v2\/users\/2"}],"replies":[{"embeddable":true,"href":"https:\/\/zonaroja.com.mx\/index.php?rest_route=%2Fwp%2Fv2%2Fcomments&post=15693"}],"version-history":[{"count":2,"href":"https:\/\/zonaroja.com.mx\/index.php?rest_route=\/wp\/v2\/posts\/15693\/revisions"}],"predecessor-version":[{"id":15696,"href":"https:\/\/zonaroja.com.mx\/index.php?rest_route=\/wp\/v2\/posts\/15693\/revisions\/15696"}],"wp:featuredmedia":[{"embeddable":true,"href":"https:\/\/zonaroja.com.mx\/index.php?rest_route=\/wp\/v2\/media\/15694"}],"wp:attachment":[{"href":"https:\/\/zonaroja.com.mx\/index.php?rest_route=%2Fwp%2Fv2%2Fmedia&parent=15693"}],"wp:term":[{"taxonomy":"category","embeddable":true,"href":"https:\/\/zonaroja.com.mx\/index.php?rest_route=%2Fwp%2Fv2%2Fcategories&post=15693"},{"taxonomy":"post_tag","embeddable":true,"href":"https:\/\/zonaroja.com.mx\/index.php?rest_route=%2Fwp%2Fv2%2Ftags&post=15693"}],"curies":[{"name":"wp","href":"https:\/\/api.w.org\/{rel}","templated":true}]}}