{"id":15697,"date":"2020-07-31T20:47:42","date_gmt":"2020-08-01T01:47:42","guid":{"rendered":"http:\/\/www.zonaroja.com.mx\/?p=15697"},"modified":"2020-07-31T20:47:48","modified_gmt":"2020-08-01T01:47:48","slug":"lila-downs-y-yalitza-aparicio-piden-justicia-para-victimas-de-la-narvarte","status":"publish","type":"post","link":"https:\/\/zonaroja.com.mx\/?p=15697","title":{"rendered":"Lila Downs y Yalitza Aparicio piden justicia para v\u00edctimas de la Narvarte"},"content":{"rendered":"\n<p>Evlin Arag\u00f3n\/Zona Roja.<\/p>\n\n\n\n<p>Oaxaca de Ju\u00e1rez, Oax., 31 de julio de\n2020.- Las oaxaque\u00f1as Lila Downs y Yalitza Aparicio se pronunciaron ante la\nimpunidad e injusticia en el multifeminicidio y homicidio de Nadia Vera, Mile\nMart\u00edn, Yesenia Quiroz, Alejandra Negrete y Rub\u00e9n Espinosa, ocurridos el 31 de\njulio del 2015, hace cinco a\u00f1os, en la colonia Narvarte en la Ciudad de\nM\u00e9xico.&nbsp; <\/p>\n\n\n\n<p>La reconocida cantante particip\u00f3 en la\ncampa\u00f1a que promueve la organizaci\u00f3n Art\u00edculo 19, misma que busca justicia,\nverdad, garant\u00edas de no repetici\u00f3n y reparaci\u00f3n del da\u00f1o integral para las\nfamilias de las v\u00edctimas, en la que se pronunci\u00f3 para exigir la actuaci\u00f3n\nintegral por parte de las autoridades mexicanas. <\/p>\n\n\n\n<p>\u201cHoy es m\u00e1s importante que nunca que sumemos nuestras voces a la exigencia de las familias\u2026 No podemos permitir como sociedad que estos cr\u00edmenes sigan impunes, no queremos que pase un d\u00eda m\u00e1s sin saber qui\u00e9n dio la orden y porque\u201d, manifest\u00f3 Lila Downs a trav\u00e9s de un video.\u00a0 <\/p>\n\n\n\n<figure class=\"wp-block-embed-twitter wp-block-embed is-type-rich is-provider-twitter\"><div class=\"wp-block-embed__wrapper\">\n<div class=\"twitter-tweet\"><blockquote class=\"twitter-tweet\" data-lang=\"es\"><p lang=\"es\" dir=\"ltr\"><a href=\"https:\/\/twitter.com\/hashtag\/HechoEnOaxaca?src=hash&amp;ref_src=twsrc%5Etfw\">#HechoEnOaxaca<\/a><br>Tambi\u00e9n la cantante oaxaque\u00f1a <a href=\"https:\/\/twitter.com\/liladowns?ref_src=twsrc%5Etfw\">@liladowns<\/a> se uni\u00f3 a las voces que exigen justicia por cuatro feminicidios y un homicidio cometidos hace un lustro en la colonia <a href=\"https:\/\/twitter.com\/hashtag\/Narvarte?src=hash&amp;ref_src=twsrc%5Etfw\">#Narvarte<\/a> de la Cdmx. <a href=\"https:\/\/t.co\/dXpgpGqWeg\">pic.twitter.com\/dXpgpGqWeg<\/a><\/p>&mdash; Zona Roja Oaxaca (@MexRoja) <a href=\"https:\/\/twitter.com\/MexRoja\/status\/1289375425139888130?ref_src=twsrc%5Etfw\">1 de agosto de 2020<\/a><\/blockquote><\/div>\n<\/div><\/figure>\n\n\n\n<p>Al final de su participaci\u00f3n, cant\u00f3 un\nfragmento de \u201cDignificada\u201d con la que, en el 2004, la oaxaque\u00f1a defendi\u00f3 la\nlucha de las mujeres e hizo un homenaje a la abogada y defensora de los\nderechos humanos Digna Ochoa, asesinada en el 2001.&nbsp; <\/p>\n\n\n\n<p><em>\u201cHay en la noche un grito y se escucha lejano<\/em><\/p>\n\n\n\n<p><em>Cuentan al sur, es la voz del silencio<\/em><\/p>\n\n\n\n<p><em>En este armario hay un gato encerrado<\/em><\/p>\n\n\n\n<p><em>Porque una mujer, defendi\u00f3 su derecho\u201d <\/em><\/p>\n\n\n\n<p>Por su parte, Yalitza Aparicio ley\u00f3 un\nconmovedor texto escrito por Mirtha Luz P\u00e9rez, madre de Nadia Vera, una de las\nv\u00edctimas mortales del 31 de julio del 2015 y para quien la justicia a\u00fan no\nllega. <\/p>\n\n\n\n<p>\u201cLa tristeza se dice con letras cuando no es posible decirla con los ojos, con el cuerpo, porque es tanta, como un coraz\u00f3n invertido la dibujo en medio de esta realidad disuelta en este d\u00eda mil de tu ausencia terrena\u201d, refiere el texto.\u00a0 <\/p>\n\n\n\n<figure class=\"wp-block-embed-twitter wp-block-embed is-type-rich is-provider-twitter\"><div class=\"wp-block-embed__wrapper\">\n<div class=\"twitter-tweet\"><blockquote class=\"twitter-tweet\" data-lang=\"es\"><p lang=\"es\" dir=\"ltr\"><a href=\"https:\/\/twitter.com\/hashtag\/HechoEnOaxaca?src=hash&amp;ref_src=twsrc%5Etfw\">#HechoEnOaxaca<\/a><br>La actriz oaxaque\u00f1a <a href=\"https:\/\/twitter.com\/YalitzaAparicio?ref_src=twsrc%5Etfw\">@YalitzaAparicio<\/a> prest\u00f3 su voz para darle un mensaje a Nadia, quien fue asesinada hace cinco a\u00f1os en la colonia Narvarte Cdmx, junto con otras v\u00edctimas. <a href=\"https:\/\/t.co\/EnpFc1tmjh\">pic.twitter.com\/EnpFc1tmjh<\/a><\/p>&mdash; Zona Roja Oaxaca (@MexRoja) <a href=\"https:\/\/twitter.com\/MexRoja\/status\/1289352712908283904?ref_src=twsrc%5Etfw\">1 de agosto de 2020<\/a><\/blockquote><\/div>\n<\/div><\/figure>\n\n\n\n<p>En todo momento la tristeza, debido a\nla ausencia de la joven, se hace presente, su madre cuenta los d\u00edas y las horas\nsin ella, a la par que evidencia el profundo sentimiento de ausencia que se ha\nconvertido en cotidiano en su vida desde hace ya cinco a\u00f1os.&nbsp; <\/p>\n\n\n\n<p>\u201cLas familias de las v\u00edctimas de la\ncolonia Narvarte pierden su voz a\u00f1o con a\u00f1o, por eso yo les presto la m\u00eda\u201d,\nrefiere la oaxaque\u00f1a que se ha sumado a la campa\u00f1a que exige justicia y que en\nredes se ha posicionado con las etiquetas #VocesXNarvarte #5SinJusticia. <\/p>\n","protected":false},"excerpt":{"rendered":"<p>Evlin Arag\u00f3n\/Zona Roja. Oaxaca de Ju\u00e1rez, Oax., 31 de julio de 2020.- Las oaxaque\u00f1as Lila&hellip;<\/p>\n","protected":false},"author":2,"featured_media":15698,"comment_status":"closed","ping_status":"open","sticky":false,"template":"","format":"standard","meta":{"_lmt_disableupdate":"","_lmt_disable":"","_jetpack_memberships_contains_paid_content":false,"footnotes":""},"categories":[109,47],"tags":[1873],"class_list":["post-15697","post","type-post","status-publish","format-standard","has-post-thumbnail","hentry","category-minuto-a-minuto","category-zona-gris","tag-colonia-narvarte-cdmx"],"jetpack_featured_media_url":"https:\/\/zonaroja.com.mx\/wp-content\/uploads\/2020\/07\/Feminicidios-Narvarte.jpg","jetpack_sharing_enabled":true,"_links":{"self":[{"href":"https:\/\/zonaroja.com.mx\/index.php?rest_route=\/wp\/v2\/posts\/15697","targetHints":{"allow":["GET"]}}],"collection":[{"href":"https:\/\/zonaroja.com.mx\/index.php?rest_route=\/wp\/v2\/posts"}],"about":[{"href":"https:\/\/zonaroja.com.mx\/index.php?rest_route=\/wp\/v2\/types\/post"}],"author":[{"embeddable":true,"href":"https:\/\/zonaroja.com.mx\/index.php?rest_route=\/wp\/v2\/users\/2"}],"replies":[{"embeddable":true,"href":"https:\/\/zonaroja.com.mx\/index.php?rest_route=%2Fwp%2Fv2%2Fcomments&post=15697"}],"version-history":[{"count":1,"href":"https:\/\/zonaroja.com.mx\/index.php?rest_route=\/wp\/v2\/posts\/15697\/revisions"}],"predecessor-version":[{"id":15699,"href":"https:\/\/zonaroja.com.mx\/index.php?rest_route=\/wp\/v2\/posts\/15697\/revisions\/15699"}],"wp:featuredmedia":[{"embeddable":true,"href":"https:\/\/zonaroja.com.mx\/index.php?rest_route=\/wp\/v2\/media\/15698"}],"wp:attachment":[{"href":"https:\/\/zonaroja.com.mx\/index.php?rest_route=%2Fwp%2Fv2%2Fmedia&parent=15697"}],"wp:term":[{"taxonomy":"category","embeddable":true,"href":"https:\/\/zonaroja.com.mx\/index.php?rest_route=%2Fwp%2Fv2%2Fcategories&post=15697"},{"taxonomy":"post_tag","embeddable":true,"href":"https:\/\/zonaroja.com.mx\/index.php?rest_route=%2Fwp%2Fv2%2Ftags&post=15697"}],"curies":[{"name":"wp","href":"https:\/\/api.w.org\/{rel}","templated":true}]}}