{"id":15700,"date":"2020-07-31T21:22:17","date_gmt":"2020-08-01T02:22:17","guid":{"rendered":"http:\/\/www.zonaroja.com.mx\/?p=15700"},"modified":"2020-07-31T21:22:22","modified_gmt":"2020-08-01T02:22:22","slug":"comunidades-endurecen-resistencia-a-desinfeccion-en-valle-nacional","status":"publish","type":"post","link":"https:\/\/zonaroja.com.mx\/?p=15700","title":{"rendered":"Comunidades endurecen resistencia a desinfecci\u00f3n en Valle Nacional"},"content":{"rendered":"\n<p>Yuridiana Sosa\/Zona Roja.<\/p>\n\n\n\n<p>San Juan Bautista Tuxtepec, Oax., 31 de\njulio de 2020.- En el transcurso de las \u00faltimas semanas, en el municipio de San\nJuan Bautista Valle Nacional, en la regi\u00f3n Cuenca, se ha acrecentado la\nresistencia de las comunidades para la desinfecci\u00f3n de los espacios p\u00fablicos\ncomo medida de prevenci\u00f3n de Covid-19, el hecho m\u00e1s reciente ocurri\u00f3 este\nviernes.<\/p>\n\n\n\n<p>El presidente municipal, Reynaldo\nMaga\u00f1a Garc\u00eda, se\u00f1al\u00f3 que entre 10 y 12 comunidades y colonias del casco urbano\ndel municipio de han opuesto a la intervenci\u00f3n de las brigadas, pues argumentan\nque los l\u00edquidos est\u00e1n matando a los habitantes.<\/p>\n\n\n\n<p>Un grupo de habitantes de la agencia de\nCerro Mar\u00edn impidieron la ma\u00f1ana de este viernes el paso a los trabajadores\nmunicipales que aplicar\u00edan la limpieza.<\/p>\n\n\n\n<p>Ante el arribo de la camioneta, sobre\nla carretera federal 175, Tuxtepec-Valle Nacional, los inconformes se\naproximaron a la unidad, la rodearon y ordenaron a los brigadistas regresar,\npues no permitir\u00edan la acci\u00f3n a pesar que indicaron ya son varios las personas\nque han fallecido en \u00faltimos d\u00edas es su poblaci\u00f3n.<\/p>\n\n\n\n<p>El edil indic\u00f3 que Cerro Mar\u00edn es una\nde las agencias en las que se han presentado una mayor cantidad de casos de\nCovid-19, seguido de Arroyo de Banco, donde tambi\u00e9n se han opuesto a los\ntrabajos.<\/p>\n\n\n\n<p>Lament\u00f3 que a\u00fan en fase cr\u00edtica de la\npandemia existe resistencia e ignorancia sobre las medidas, a\u00fan con el registro\nestrepitoso de defunciones en los \u00faltimos meses.<\/p>\n\n\n\n<p>Por distintas causas de muerte, en el\nmes de febrero Valle Nacional registr\u00f3 la defunci\u00f3n de 14 personas; en junio,\nya en medio de la pandemia de Covid-19, las muertes aumentaron a 24, pero en\njulio, son 62, lo cual, dijo, es una situaci\u00f3n at\u00edpica.<\/p>\n\n\n\n<p>La negaci\u00f3n de las familias que el\ndeceso en casa fue a consecuencia de coronavuris, o con signos relacionados, la\ncifra de personas sepultadas con los protocolos de Covid-19 es de s\u00f3lo 15\npersonas en lo que va de la pandemia.<\/p>\n\n\n\n<p>Para mitigar los casos en Valle Nacional,\nque oficialmente cuenta con 33 casos y dos muertes, el cabildo sesionar\u00e1 en\npr\u00f3ximos d\u00edas para abordar la intensificaci\u00f3n de medidas o sanciones contra la\npoblaci\u00f3n que no acate las disposiciones.<\/p>\n","protected":false},"excerpt":{"rendered":"<p>Yuridiana Sosa\/Zona Roja. San Juan Bautista Tuxtepec, Oax., 31 de julio de 2020.- En el&hellip;<\/p>\n","protected":false},"author":2,"featured_media":14952,"comment_status":"closed","ping_status":"open","sticky":false,"template":"","format":"standard","meta":{"_lmt_disableupdate":"","_lmt_disable":"","_jetpack_memberships_contains_paid_content":false,"footnotes":""},"categories":[109,47],"tags":[1512,1824],"class_list":["post-15700","post","type-post","status-publish","format-standard","has-post-thumbnail","hentry","category-minuto-a-minuto","category-zona-gris","tag-coronavirus-oaxaca","tag-san-juan-bautista-valle-nacional"],"jetpack_featured_media_url":"https:\/\/zonaroja.com.mx\/wp-content\/uploads\/2020\/07\/Valle-Nacional-1.jpg","jetpack_sharing_enabled":true,"_links":{"self":[{"href":"https:\/\/zonaroja.com.mx\/index.php?rest_route=\/wp\/v2\/posts\/15700","targetHints":{"allow":["GET"]}}],"collection":[{"href":"https:\/\/zonaroja.com.mx\/index.php?rest_route=\/wp\/v2\/posts"}],"about":[{"href":"https:\/\/zonaroja.com.mx\/index.php?rest_route=\/wp\/v2\/types\/post"}],"author":[{"embeddable":true,"href":"https:\/\/zonaroja.com.mx\/index.php?rest_route=\/wp\/v2\/users\/2"}],"replies":[{"embeddable":true,"href":"https:\/\/zonaroja.com.mx\/index.php?rest_route=%2Fwp%2Fv2%2Fcomments&post=15700"}],"version-history":[{"count":1,"href":"https:\/\/zonaroja.com.mx\/index.php?rest_route=\/wp\/v2\/posts\/15700\/revisions"}],"predecessor-version":[{"id":15701,"href":"https:\/\/zonaroja.com.mx\/index.php?rest_route=\/wp\/v2\/posts\/15700\/revisions\/15701"}],"wp:featuredmedia":[{"embeddable":true,"href":"https:\/\/zonaroja.com.mx\/index.php?rest_route=\/wp\/v2\/media\/14952"}],"wp:attachment":[{"href":"https:\/\/zonaroja.com.mx\/index.php?rest_route=%2Fwp%2Fv2%2Fmedia&parent=15700"}],"wp:term":[{"taxonomy":"category","embeddable":true,"href":"https:\/\/zonaroja.com.mx\/index.php?rest_route=%2Fwp%2Fv2%2Fcategories&post=15700"},{"taxonomy":"post_tag","embeddable":true,"href":"https:\/\/zonaroja.com.mx\/index.php?rest_route=%2Fwp%2Fv2%2Ftags&post=15700"}],"curies":[{"name":"wp","href":"https:\/\/api.w.org\/{rel}","templated":true}]}}