{"id":15705,"date":"2020-07-31T21:41:50","date_gmt":"2020-08-01T02:41:50","guid":{"rendered":"http:\/\/www.zonaroja.com.mx\/?p=15705"},"modified":"2020-07-31T21:41:55","modified_gmt":"2020-08-01T02:41:55","slug":"tiene-oaxaca-otro-dia-dificil-con-covid-179-positivos-y-18-decesos","status":"publish","type":"post","link":"https:\/\/zonaroja.com.mx\/?p=15705","title":{"rendered":"Tiene Oaxaca otro d\u00eda dif\u00edcil con Covid: 179 positivos y 18 decesos"},"content":{"rendered":"\n<p>Redacci\u00f3n\/Zona Roja.<\/p>\n\n\n\n<p>Oaxaca de Ju\u00e1rez, Oax. 31 de julio de\n2020.- Los Servicios de Salud de Oaxaca (SSO) contabilizaron en el territorio\noaxaque\u00f1o 10 mil 515 positivos de Covid-19, al registrar este viernes 31 de\njulio, 179 casos nuevos de la enfermedad; tambi\u00e9n se reportaron 959\nfallecimientos, 18 m\u00e1s que ayer.<\/p>\n\n\n\n<p>En un comunicado, la dependencia expuso\nque la parte activa del nuevo coronavirus en la entidad es de 679 pacientes,\nprincipalmente en los municipios de Oaxaca de Ju\u00e1rez con 200 casos, Heroica\nCiudad de Huajuapan de Le\u00f3n con 43, Santa Cruz Xoxocotl\u00e1n con 34, San Juan\nBautista Tuxtepec con 33 y Santa Luc\u00eda del Camino con 20 contagios.<\/p>\n\n\n\n<p>Se\u00f1al\u00f3 que los nuevos diagn\u00f3sticos de Covid-19\nde este viernes, pertenecen a 51 localidades, del concentrado, el municipio de\nSantiago Tetepec se agreg\u00f3 a la lista de zonas con la presencia de la patolog\u00eda\nv\u00edrica, con un caso.<\/p>\n\n\n\n<p>Detall\u00f3 que del total de personas que han enfermado a causa del virus, dos mil 392 han requerido hospitalizaci\u00f3n y ocho mil 123 se han atendido de forma ambulatoria. <\/p>\n\n\n\n<figure class=\"wp-block-embed-twitter wp-block-embed is-type-rich is-provider-twitter\"><div class=\"wp-block-embed__wrapper\">\n<div class=\"twitter-tweet\"><blockquote class=\"twitter-tweet\" data-lang=\"es\"><p lang=\"es\" dir=\"ltr\">Hoy, 51 municipios de <a href=\"https:\/\/twitter.com\/hashtag\/Oaxaca?src=hash&amp;ref_src=twsrc%5Etfw\">#Oaxaca<\/a> registraron casos positivos nuevos de <a href=\"https:\/\/twitter.com\/hashtag\/COVID19?src=hash&amp;ref_src=twsrc%5Etfw\">#COVID19<\/a>.<br><br>De la responsabilidad con que actuemos todas y todos, depende disminuir las cifras de contagios del nuevo coronavirus.<a href=\"https:\/\/twitter.com\/hashtag\/EligeLaVida?src=hash&amp;ref_src=twsrc%5Etfw\">#EligeLaVida<\/a> <a href=\"https:\/\/t.co\/mSccwBVnMC\">pic.twitter.com\/mSccwBVnMC<\/a><\/p>&mdash; Servicios de Salud (@SSO_GobOax) <a href=\"https:\/\/twitter.com\/SSO_GobOax\/status\/1289367589693485057?ref_src=twsrc%5Etfw\">1 de agosto de 2020<\/a><\/blockquote><\/div>\n<\/div><\/figure>\n\n\n\n<p>Se tienen 914 casos en espera de\nresultados, cuatro mil 469 pruebas han sido negativas, y ocho mil 877 pacientes\nse han recuperado del padecimiento, dando un global de 15 mil 898\nnotificaciones.<\/p>\n\n\n\n<p>En el conteo local, la regi\u00f3n de Valles\nCentrales lleg\u00f3 a los seis mil 905 casos de la patolog\u00eda, en segundo lugar est\u00e1\nTuxtepec con mil 423, el Istmo presenta mil 018, la Mixteca sum\u00f3 587, la Costa\n408 y la Sierra (Norte) llega a los 174 registros.<\/p>\n\n\n\n<p>Asimismo, dijo que del informe de\nmortalidad por la emergencia sanitaria, la mayor incidencia corresponde a\npersonas mayores de 65 a\u00f1os con 417 fallecimientos, seguido por el de 50 a 59\na\u00f1os con 234 y en tercer lugar los adultos de 60 a 64 a\u00f1os de edad con 136 perdidas\nfatales; la gran mayor\u00eda de este sector padec\u00edan diabetes mellitus,\nhipertensi\u00f3n arterial u obesidad.<\/p>\n\n\n\n<p>La instituci\u00f3n lament\u00f3 que el acumulado\nde confirmados con Covid-19, mil 865 corresponden a trabajadores del sector\nSalud. <\/p>\n\n\n\n<p>Hasta el momento la ocupaci\u00f3n\nhospitalaria en el estado de manera global se encuentra en 51%, de esta cifra,\nel 59.8% son camas de observaci\u00f3n y el 30.6% con aparatos de respiraci\u00f3n\nartificial.<\/p>\n\n\n\n<p>Para garantizar la seguridad de los\ngrupos vulnerables, exhort\u00f3 a las y los oaxaque\u00f1os, a reforzar las medidas de\nhigiene y desinfecci\u00f3n en el hogar, mantener aislamiento voluntario si\npresentan s\u00edntomas respiratorios, seguir el protocolo de seguridad sanitaria\n(usar cubrebocas, lavarse las manos, mantener la sana distancia, no asistir a\nlugares concurridos), y lo m\u00e1s importante, evitar salir de casa; \u201cse contin\u00faa\nen etapa activa de la pandemia, el riesgo de contagio es alto\u201d, finaliz\u00f3.<\/p>\n","protected":false},"excerpt":{"rendered":"<p>Redacci\u00f3n\/Zona Roja. Oaxaca de Ju\u00e1rez, Oax. 31 de julio de 2020.- Los Servicios de Salud&hellip;<\/p>\n","protected":false},"author":2,"featured_media":15706,"comment_status":"closed","ping_status":"open","sticky":false,"template":"","format":"standard","meta":{"_lmt_disableupdate":"","_lmt_disable":"","_jetpack_memberships_contains_paid_content":false,"footnotes":""},"categories":[109,47],"tags":[1512],"class_list":["post-15705","post","type-post","status-publish","format-standard","has-post-thumbnail","hentry","category-minuto-a-minuto","category-zona-gris","tag-coronavirus-oaxaca"],"jetpack_featured_media_url":"https:\/\/zonaroja.com.mx\/wp-content\/uploads\/2020\/07\/SSO-2-2-1.jpeg","jetpack_sharing_enabled":true,"_links":{"self":[{"href":"https:\/\/zonaroja.com.mx\/index.php?rest_route=\/wp\/v2\/posts\/15705","targetHints":{"allow":["GET"]}}],"collection":[{"href":"https:\/\/zonaroja.com.mx\/index.php?rest_route=\/wp\/v2\/posts"}],"about":[{"href":"https:\/\/zonaroja.com.mx\/index.php?rest_route=\/wp\/v2\/types\/post"}],"author":[{"embeddable":true,"href":"https:\/\/zonaroja.com.mx\/index.php?rest_route=\/wp\/v2\/users\/2"}],"replies":[{"embeddable":true,"href":"https:\/\/zonaroja.com.mx\/index.php?rest_route=%2Fwp%2Fv2%2Fcomments&post=15705"}],"version-history":[{"count":1,"href":"https:\/\/zonaroja.com.mx\/index.php?rest_route=\/wp\/v2\/posts\/15705\/revisions"}],"predecessor-version":[{"id":15707,"href":"https:\/\/zonaroja.com.mx\/index.php?rest_route=\/wp\/v2\/posts\/15705\/revisions\/15707"}],"wp:featuredmedia":[{"embeddable":true,"href":"https:\/\/zonaroja.com.mx\/index.php?rest_route=\/wp\/v2\/media\/15706"}],"wp:attachment":[{"href":"https:\/\/zonaroja.com.mx\/index.php?rest_route=%2Fwp%2Fv2%2Fmedia&parent=15705"}],"wp:term":[{"taxonomy":"category","embeddable":true,"href":"https:\/\/zonaroja.com.mx\/index.php?rest_route=%2Fwp%2Fv2%2Fcategories&post=15705"},{"taxonomy":"post_tag","embeddable":true,"href":"https:\/\/zonaroja.com.mx\/index.php?rest_route=%2Fwp%2Fv2%2Ftags&post=15705"}],"curies":[{"name":"wp","href":"https:\/\/api.w.org\/{rel}","templated":true}]}}