{"id":15708,"date":"2020-08-01T10:19:21","date_gmt":"2020-08-01T15:19:21","guid":{"rendered":"http:\/\/www.zonaroja.com.mx\/?p=15708"},"modified":"2020-08-01T10:19:25","modified_gmt":"2020-08-01T15:19:25","slug":"mexico-tercer-lugar-mundial-por-muertes-covid-y-piden-renuncia-de-gatell","status":"publish","type":"post","link":"https:\/\/zonaroja.com.mx\/?p=15708","title":{"rendered":"M\u00e9xico, tercer lugar mundial por muertes Covid\u2026 y piden renuncia de Gatell"},"content":{"rendered":"\n<p>Redacci\u00f3n\/Zona Roja Cdmx.<\/p>\n\n\n\n<p>Ciudad de M\u00e9xico, 1 de agosto.- Este\nviernes, M\u00e9xico se convirti\u00f3 en el tercer pa\u00eds con m\u00e1s muertos por Covid-19. En\nparalelo, nueve gobernadores exigieron la destituci\u00f3n inmediata del\nsubsecretario de Salud, Hugo L\u00f3pez-Gatell, a quien acusan de un mal manejo de la\npandemia.<\/p>\n\n\n\n<p>Con 46 mil 688 muertes por el nuevo\nvirus, M\u00e9xico se coloc\u00f3 en el tercer lugar a nivel mundial con el mayor n\u00famero\nde decesos por la pandemia.<\/p>\n\n\n\n<p>En seis d\u00edas, M\u00e9xico avanz\u00f3 del cuarto\nal tercer lugar y desplaz\u00f3 a Reino Unido en el n\u00famero de fallecidos, ya que el\npa\u00eds europeo registra 46 mil 204 muertos.<\/p>\n\n\n\n<p>A principios del mes de julio, M\u00e9xico\nse ubicaba en el sexto lugar en el n\u00famero de muertes por la pandemia, pero en\n31 d\u00edas rebas\u00f3 a Francia, Italia y Reino Unido.<\/p>\n\n\n\n<p>M\u00e9xico tiene 424 mil 637 casos\nconfirmados de Covid-19, mientras que India tiene un mill\u00f3n 638 mil 827, sin\nembargo, el pa\u00eds asi\u00e1tico s\u00f3lo registra 35 mil 745 fallecimientos por la\nenfermedad.<\/p>\n\n\n\n<p>Un caso similar es el de Rusia, pa\u00eds\nque registra el doble de contagios de Covid-19 que M\u00e9xico, pero contabiliza la\ntercera parte de las muertes con 13 mil 939 decesos.<\/p>\n\n\n\n<p>Esta semana, el gobierno federal indic\u00f3\nque M\u00e9xico se encuentra en el lugar 13 a nivel mundial en el n\u00famero de muertes\npor cada 100 mil personas y en el quinto lugar de Am\u00e9rica.<\/p>\n\n\n\n<p>Y PIDEN RENUNCIA<\/p>\n\n\n\n<p>Este viernes tambi\u00e9n, en un comunicado\nfirmado por los mandatarios de Aguascalientes, Chihuahua, Coahuila, Colima,\nDurango, Guanajuato, Jalisco, Michoac\u00e1n, Nuevo Le\u00f3n y Tamaulipas, advirtieron\nque las cifras por la pandemia \u201csiguen empeorando y la emergencia de salud\ncomienza a tomar la dimensi\u00f3n de una crisis humanitaria.<\/p>\n\n\n\n<p>\u201cLos gobernadores de 40 millones de\nmexicanos y mexicanas demandamos al gobierno federal la salida inmediata de\nHugo L\u00f3pez-Gatell\u201d, expusieron.<\/p>\n\n\n\n<p>Reclamaron que el funcionario federal\n\u201cno ha dejado de mentir, de caer en contradicciones sobre las proyecciones y\nlas estrategias a implementar\u201d.<\/p>\n\n\n\n<p>Condenaron adem\u00e1s, la politizaci\u00f3n del\nuso del cubrebocas como mecanismo de protecci\u00f3n, y que se ha intentado\ntrasladar la responsabilidad del manejo de la crisis a los gobiernos locales \u201ca\ntrav\u00e9s de un sem\u00e1foro que ha asfixiado las econom\u00edas locales\u201d.<\/p>\n\n\n\n<p>Incluso el gobernador por Morena en\nPuebla, Miguel Barbosa, asegur\u00f3 ayer que su estado no usa el sem\u00e1foro\nepidemiol\u00f3gico, las \u201cdecisiones las tomamos a partir de nuestro seguimiento\nlocal\u201d, dijo.<\/p>\n\n\n\n<p>En la conferencia vespertina de ayer,\nL\u00f3pez-Gatell se limit\u00f3 a decir que respetaba el pronunciamiento y que no la\ncompart\u00eda.<\/p>\n","protected":false},"excerpt":{"rendered":"<p>Redacci\u00f3n\/Zona Roja Cdmx. Ciudad de M\u00e9xico, 1 de agosto.- Este viernes, M\u00e9xico se convirti\u00f3 en&hellip;<\/p>\n","protected":false},"author":2,"featured_media":15709,"comment_status":"closed","ping_status":"open","sticky":false,"template":"","format":"standard","meta":{"_lmt_disableupdate":"","_lmt_disable":"","_jetpack_memberships_contains_paid_content":false,"footnotes":""},"categories":[109,47],"tags":[1874],"class_list":["post-15708","post","type-post","status-publish","format-standard","has-post-thumbnail","hentry","category-minuto-a-minuto","category-zona-gris","tag-hugo-lopez-gatell"],"jetpack_featured_media_url":"https:\/\/zonaroja.com.mx\/wp-content\/uploads\/2020\/08\/Hugo-L\u00f3pez-Gatell.jpg","jetpack_sharing_enabled":true,"_links":{"self":[{"href":"https:\/\/zonaroja.com.mx\/index.php?rest_route=\/wp\/v2\/posts\/15708","targetHints":{"allow":["GET"]}}],"collection":[{"href":"https:\/\/zonaroja.com.mx\/index.php?rest_route=\/wp\/v2\/posts"}],"about":[{"href":"https:\/\/zonaroja.com.mx\/index.php?rest_route=\/wp\/v2\/types\/post"}],"author":[{"embeddable":true,"href":"https:\/\/zonaroja.com.mx\/index.php?rest_route=\/wp\/v2\/users\/2"}],"replies":[{"embeddable":true,"href":"https:\/\/zonaroja.com.mx\/index.php?rest_route=%2Fwp%2Fv2%2Fcomments&post=15708"}],"version-history":[{"count":1,"href":"https:\/\/zonaroja.com.mx\/index.php?rest_route=\/wp\/v2\/posts\/15708\/revisions"}],"predecessor-version":[{"id":15710,"href":"https:\/\/zonaroja.com.mx\/index.php?rest_route=\/wp\/v2\/posts\/15708\/revisions\/15710"}],"wp:featuredmedia":[{"embeddable":true,"href":"https:\/\/zonaroja.com.mx\/index.php?rest_route=\/wp\/v2\/media\/15709"}],"wp:attachment":[{"href":"https:\/\/zonaroja.com.mx\/index.php?rest_route=%2Fwp%2Fv2%2Fmedia&parent=15708"}],"wp:term":[{"taxonomy":"category","embeddable":true,"href":"https:\/\/zonaroja.com.mx\/index.php?rest_route=%2Fwp%2Fv2%2Fcategories&post=15708"},{"taxonomy":"post_tag","embeddable":true,"href":"https:\/\/zonaroja.com.mx\/index.php?rest_route=%2Fwp%2Fv2%2Ftags&post=15708"}],"curies":[{"name":"wp","href":"https:\/\/api.w.org\/{rel}","templated":true}]}}