{"id":1571,"date":"2019-06-09T07:47:27","date_gmt":"2019-06-09T12:47:27","guid":{"rendered":"http:\/\/www.zonaroja.com.mx\/?p=1571"},"modified":"2019-06-09T07:56:10","modified_gmt":"2019-06-09T12:56:10","slug":"en-oaxaca-masacres-diarias-33-muertos-en-siete-dias","status":"publish","type":"post","link":"https:\/\/zonaroja.com.mx\/?p=1571","title":{"rendered":"En Oaxaca masacres diarias: 33 muertos en siete d\u00edas"},"content":{"rendered":"\n<figure class=\"wp-block-image\"><img decoding=\"async\" width=\"299\" height=\"216\" src=\"http:\/\/www.zonaroja.com.mx\/wp-content\/uploads\/2019\/06\/9c81af38-7df3-4939-bd2e-1a0b10a4d955.jpg\" alt=\"\" class=\"wp-image-1572\" \/><\/figure>\n\n\n\n<p>Redacci\u00f3n<\/p>\n\n\n\n<p>Oaxaca de\nJu\u00e1rez, Oax., 9 de junio de 2019.- Oaxaca vivi\u00f3 una semana de masacres, con un\nm\u00ednimo de tres asesinados cada d\u00eda, desde el domingo 2 hasta el s\u00e1bado 8 de\njunio.<\/p>\n\n\n\n<p>De acuerdo\ncon partes informativos de la Polic\u00eda Estatal, en total fueron 33 personas\nasesinadas con violencia, entre ellas cinco mujeres, una ellas de un a\u00f1o y\nmeses de edad. La mayor\u00eda de los cr\u00edmenes fueron perpetrados con arma de fuego.<\/p>\n\n\n\n<p>Las masacres\niniciaron el domingo 2 de junio con el ataque a balazos en la ciudad de Oaxaca a\nmiembros de la Confederaci\u00f3n de Trabajadores y Empleados de M\u00e9xico (CATEM),\ndonde perdi\u00f3 la vida el dirigente en Xoxocotl\u00e1n, Ren\u00e9 Hern\u00e1ndez, y su escolta.<\/p>\n\n\n\n<p>Horas m\u00e1s tarde\nen un campo de futbol y frente a oficinas de la Fiscal\u00eda General de la\nRep\u00fablica, en San Juan Bautista Tuxtepec, fue ejecutado un joven.<\/p>\n\n\n\n<p>El lunes fueron\ncinco muertos a balazos; uno en San Pedro Pochutla, otro en Putla Villa de Guerrero,\ndos m\u00e1s en la carretera a San Vicente Coatl\u00e1n, y un individuo baleado la v\u00edspera\nen Santa Luc\u00eda del Camino, que falleci\u00f3 en el Hospital Civil.<\/p>\n\n\n\n<p>El martes fueron\ncuatro homicidios, con un degollado en San Mateo Pi\u00f1as, ex autoridad municipal,\ny un putrefacto en Pinotepa Nacional; en una emboscada en San Juan Mixtepec,\nperdi\u00f3 la vida un joven y una nena de un a\u00f1o y meses de edad, adem\u00e1s de una mujer\nherida.<\/p>\n\n\n\n<p>Para el\nmi\u00e9rcoles, fueron cuatro, dos ejecutados en Huajuapan de Le\u00f3n, un cuerpo putrefacto\nlevantado en San Mateo Macuilx\u00f3chitl y un ejecutado en Coatecas Altas.<\/p>\n\n\n\n<p>El jueves se\ntiene el registro de tres casos, una mujer en R\u00edo grande, Villa de Tututepec, y\ndos ejecutados en Mat\u00edas Romero, entre ellos una mujer.<\/p>\n\n\n\n<p>Mientras que\nel viernes fueron ultimadas tres personas, una en Juchit\u00e1n, una en Pinotepa de\nDon Luis y una en San Juan Colorado<\/p>\n\n\n\n<p>Para el s\u00e1bado la cifra aument\u00f3 a 11 cr\u00edmenes, siete de ellos en bolsas de pl\u00e1stico de los cuales dos son mujer, hallados en el ejido La Reforma, carretera a Ayotzintepec; otro m\u00e1s en el puente Amapa carretera a Temascal, uno en Jalapa de D\u00edaz y uno en San Juan Bautista Tuxtepec; por esta ola de cr\u00edmenes, hasta ahora no hay personas detenidas.<\/p>\n\n\n\n<p>En tanto que\nde \u00faltima hora se inform\u00f3 que otra mujer fue asesinada y un individuo result\u00f3\nlesionado, durante un asalto a un tendaj\u00f3n ubicado en la calle Jos\u00e9 Miguel\nP\u00e9rez del municipio de Ejutla de Crespo. <\/p>\n\n\n\n<p>La v\u00edctima\nfue identificada como Roc\u00edo C. R., de 42 a\u00f1os de edad, y un joven de 20 a\u00f1os de\nedad que no fue proporcionado sus generales y fue internado en un hospital de\nesa cabecera distrital.<\/p>\n","protected":false},"excerpt":{"rendered":"<p>Redacci\u00f3n Oaxaca de Ju\u00e1rez, Oax., 9 de junio de 2019.- Oaxaca vivi\u00f3 una semana de&hellip;<\/p>\n","protected":false},"author":2,"featured_media":0,"comment_status":"closed","ping_status":"open","sticky":false,"template":"","format":"standard","meta":{"_lmt_disableupdate":"","_lmt_disable":"","_jetpack_memberships_contains_paid_content":false,"footnotes":""},"categories":[51],"tags":[58,71],"class_list":["post-1571","post","type-post","status-publish","format-standard","hentry","category-zona-roja","tag-oaxaca","tag-tuxtepec"],"jetpack_featured_media_url":"","jetpack_sharing_enabled":true,"_links":{"self":[{"href":"https:\/\/zonaroja.com.mx\/index.php?rest_route=\/wp\/v2\/posts\/1571","targetHints":{"allow":["GET"]}}],"collection":[{"href":"https:\/\/zonaroja.com.mx\/index.php?rest_route=\/wp\/v2\/posts"}],"about":[{"href":"https:\/\/zonaroja.com.mx\/index.php?rest_route=\/wp\/v2\/types\/post"}],"author":[{"embeddable":true,"href":"https:\/\/zonaroja.com.mx\/index.php?rest_route=\/wp\/v2\/users\/2"}],"replies":[{"embeddable":true,"href":"https:\/\/zonaroja.com.mx\/index.php?rest_route=%2Fwp%2Fv2%2Fcomments&post=1571"}],"version-history":[{"count":2,"href":"https:\/\/zonaroja.com.mx\/index.php?rest_route=\/wp\/v2\/posts\/1571\/revisions"}],"predecessor-version":[{"id":1575,"href":"https:\/\/zonaroja.com.mx\/index.php?rest_route=\/wp\/v2\/posts\/1571\/revisions\/1575"}],"wp:attachment":[{"href":"https:\/\/zonaroja.com.mx\/index.php?rest_route=%2Fwp%2Fv2%2Fmedia&parent=1571"}],"wp:term":[{"taxonomy":"category","embeddable":true,"href":"https:\/\/zonaroja.com.mx\/index.php?rest_route=%2Fwp%2Fv2%2Fcategories&post=1571"},{"taxonomy":"post_tag","embeddable":true,"href":"https:\/\/zonaroja.com.mx\/index.php?rest_route=%2Fwp%2Fv2%2Ftags&post=1571"}],"curies":[{"name":"wp","href":"https:\/\/api.w.org\/{rel}","templated":true}]}}