{"id":15715,"date":"2020-08-01T11:42:15","date_gmt":"2020-08-01T16:42:15","guid":{"rendered":"http:\/\/www.zonaroja.com.mx\/?p=15715"},"modified":"2020-08-01T11:44:34","modified_gmt":"2020-08-01T16:44:34","slug":"con-rodada-impulsan-en-oaxaca-fomentar-uso-de-la-bicicleta","status":"publish","type":"post","link":"https:\/\/zonaroja.com.mx\/?p=15715","title":{"rendered":"Con rodada, impulsan en Oaxaca fomentar uso de la bicicleta"},"content":{"rendered":"\n<p>Redacci\u00f3n\/Zona Roja.<\/p>\n\n\n\n<p>Oaxaca de Ju\u00e1rez, Oax. 1 de agosto de\n2020.- Con una rodada ciclista que arrib\u00f3 al Congreso del Estado de Oaxaca,\nacompa\u00f1ado de diputados, funcionarios y activistas, el legislador Oth\u00f3n Cuevas\nC\u00f3rdova anunci\u00f3 un paquete de reformas a la ley de Movilidad del Estado de\nOaxaca, para fomentar el uso de la bicicleta.<\/p>\n\n\n\n<p>\u201cLa intenci\u00f3n es incorporar a la ley\naspectos que tienen que ver con el fomento y el uso de la bicicleta como medio\nde transporte. Sabemos que su uso es positivo y saludable y ahora, por los\nefectos de la pandemia, la Organizaci\u00f3n Mundial de la Salud (OMS), ha dicho que\nes un extraordinario medio que impide contagios como en el transporte\nconvencional\u201d, dijo.<\/p>\n\n\n\n<p>El diputado por el Partido Morena reconoci\u00f3\nel trabajo de la sociedad civil, que durante muchos a\u00f1os ha luchado por los\nderechos del ciclista, los cuales, han encontrado aliados en la 64 Legislatura\ndel Congreso local.<\/p>\n\n\n\n<p>Algunos participantes de la rodada ciclista fueron los congresistas Luis Alfonso Silva Romo, P\u00e1vel Mel\u00e9ndez Cruz; la directora del Instituto Estatal del Deporte, Monserrat Arag\u00f3n Heinze, funcionarios de la Secretar\u00eda de Movilidad e integrantes de asociaciones civiles.<\/p>\n\n\n\n<figure class=\"wp-block-embed-twitter wp-block-embed is-type-rich is-provider-twitter\"><div class=\"wp-block-embed__wrapper\">\n<div class=\"twitter-tweet\"><blockquote class=\"twitter-tweet\" data-lang=\"es\"><p lang=\"es\" dir=\"ltr\">Gustoso y con el compromiso de hacer lo propio desde el legislativo, celebro la participaci\u00f3n de la sociedad civil organizada para impulsar la iniciativa del d\u00eda de hoy.<br><br>Que sea nuestro compa\u00f1ero Luis Alonso, del colectivo <a href=\"https:\/\/twitter.com\/OMovilidad?ref_src=twsrc%5Etfw\">@OMovilidad<\/a>, quien explique lo acontecido esta ma\u00f1ana. <a href=\"https:\/\/t.co\/6lCe2fgwjk\">pic.twitter.com\/6lCe2fgwjk<\/a><\/p>&mdash; Oth\u00f3n Cuevas (@othoncuevas) <a href=\"https:\/\/twitter.com\/othoncuevas\/status\/1288565628450803712?ref_src=twsrc%5Etfw\">29 de julio de 2020<\/a><\/blockquote><\/div>\n<\/div><\/figure>\n\n\n\n<p>La reforma presentada en sesi\u00f3n ordinaria\ndel pasado mi\u00e9rcoles establece a la bicicleta como una forma de transporte\nalternativo, brindando un marco legal donde se proteja y brinde seguridad vial\na los usuarios, y que conozcan sus derechos y obligaciones como ciclistas. <\/p>\n\n\n\n<p>Adem\u00e1s, establece el orden y las\nmedidas de seguridad, control de la circulaci\u00f3n vehicular motorizada y no\nmotorizada.<\/p>\n\n\n\n<p>En este contexto, se busca garantizar\nel ejercicio eficaz del derecho a la movilidad, pues tambi\u00e9n se contempla\nestablecer las bases para programar y organizar, la infraestructura con origen\ny destino para las personas con discapacidad, peatones, movilidad no motorizada\ny transporte p\u00fablico, infraestructura carretera y el equipamiento vial.<\/p>\n\n\n\n<p>El paseo en este medio de transporte,\nparti\u00f3 de la sede de la Coordinaci\u00f3n Estatal de Protecci\u00f3n Civil de Oaxaca,\nubicada al sur de la capital oaxaque\u00f1a, recorriendo unos ocho kil\u00f3metros hasta\nllegar a la sede del Poder Legislativo, en San Raymundo Jalpan. <\/p>\n\n\n\n<p>El contingente fue recibido por el\npresidente de la Junta de Coordinaci\u00f3n Pol\u00edtica, Horacio Sosa Villavicencio y\notros legisladores, momentos antes de iniciar la sesi\u00f3n ordinaria de este\nmi\u00e9rcoles.<\/p>\n\n\n\n<p>La propuesta es impulsada por los diputados, Horacio Sosa Villavicencio, Alejandro Avil\u00e9s \u00c1lvarez, Yarith Tannos Cruz, \u00c1ngel Dom\u00ednguez Escobar, Aurora Bertha L\u00f3pez Acevedo, Emilio Joaqu\u00edn Garc\u00eda Aguilar, Mauro Cruz S\u00e1nchez, Oth\u00f3n Cuevas C\u00f3rdova y Maritza Escarlet V\u00e1squez Guerra.<\/p>\n\n\n\n<figure class=\"wp-block-embed-twitter wp-block-embed is-type-rich is-provider-twitter\"><div class=\"wp-block-embed__wrapper\">\n<div class=\"twitter-tweet\"><blockquote class=\"twitter-tweet\" data-lang=\"es\"><p lang=\"es\" dir=\"ltr\">Adem\u00e1s de iniciar con una <a href=\"https:\/\/twitter.com\/hashtag\/Rodada?src=hash&amp;ref_src=twsrc%5Etfw\">#Rodada<\/a> \ud83d\udeb4\u200d\u2642\ufe0f la campa\u00f1a de concientizaci\u00f3n para fomentar el uso de la <a href=\"https:\/\/twitter.com\/hashtag\/bicicleta?src=hash&amp;ref_src=twsrc%5Etfw\">#bicicleta<\/a> como medio de transporte, el d\u00eda de hoy nos unimos a una Iniciativa que reformar\u00e1 la actual <a href=\"https:\/\/twitter.com\/hashtag\/LeydeMovilidad?src=hash&amp;ref_src=twsrc%5Etfw\">#LeydeMovilidad<\/a>. <a href=\"https:\/\/t.co\/Xgie9yixqV\">pic.twitter.com\/Xgie9yixqV<\/a><\/p>&mdash; Oth\u00f3n Cuevas (@othoncuevas) <a href=\"https:\/\/twitter.com\/othoncuevas\/status\/1288546969032568838?ref_src=twsrc%5Etfw\">29 de julio de 2020<\/a><\/blockquote><\/div>\n<\/div><\/figure>\n","protected":false},"excerpt":{"rendered":"<p>Redacci\u00f3n\/Zona Roja. Oaxaca de Ju\u00e1rez, Oax. 1 de agosto de 2020.- Con una rodada ciclista&hellip;<\/p>\n","protected":false},"author":2,"featured_media":15718,"comment_status":"closed","ping_status":"open","sticky":false,"template":"","format":"standard","meta":{"_lmt_disableupdate":"","_lmt_disable":"","_jetpack_memberships_contains_paid_content":false,"footnotes":""},"categories":[109,46],"tags":[1311],"class_list":["post-15715","post","type-post","status-publish","format-standard","has-post-thumbnail","hentry","category-minuto-a-minuto","category-zona-blanca","tag-othon-cuevas-cordova"],"jetpack_featured_media_url":"https:\/\/zonaroja.com.mx\/wp-content\/uploads\/2020\/08\/Oth\u00f3n-Cuevas-rodada.jpg","jetpack_sharing_enabled":true,"_links":{"self":[{"href":"https:\/\/zonaroja.com.mx\/index.php?rest_route=\/wp\/v2\/posts\/15715","targetHints":{"allow":["GET"]}}],"collection":[{"href":"https:\/\/zonaroja.com.mx\/index.php?rest_route=\/wp\/v2\/posts"}],"about":[{"href":"https:\/\/zonaroja.com.mx\/index.php?rest_route=\/wp\/v2\/types\/post"}],"author":[{"embeddable":true,"href":"https:\/\/zonaroja.com.mx\/index.php?rest_route=\/wp\/v2\/users\/2"}],"replies":[{"embeddable":true,"href":"https:\/\/zonaroja.com.mx\/index.php?rest_route=%2Fwp%2Fv2%2Fcomments&post=15715"}],"version-history":[{"count":2,"href":"https:\/\/zonaroja.com.mx\/index.php?rest_route=\/wp\/v2\/posts\/15715\/revisions"}],"predecessor-version":[{"id":15719,"href":"https:\/\/zonaroja.com.mx\/index.php?rest_route=\/wp\/v2\/posts\/15715\/revisions\/15719"}],"wp:featuredmedia":[{"embeddable":true,"href":"https:\/\/zonaroja.com.mx\/index.php?rest_route=\/wp\/v2\/media\/15718"}],"wp:attachment":[{"href":"https:\/\/zonaroja.com.mx\/index.php?rest_route=%2Fwp%2Fv2%2Fmedia&parent=15715"}],"wp:term":[{"taxonomy":"category","embeddable":true,"href":"https:\/\/zonaroja.com.mx\/index.php?rest_route=%2Fwp%2Fv2%2Fcategories&post=15715"},{"taxonomy":"post_tag","embeddable":true,"href":"https:\/\/zonaroja.com.mx\/index.php?rest_route=%2Fwp%2Fv2%2Ftags&post=15715"}],"curies":[{"name":"wp","href":"https:\/\/api.w.org\/{rel}","templated":true}]}}