{"id":15723,"date":"2020-08-01T15:40:38","date_gmt":"2020-08-01T20:40:38","guid":{"rendered":"http:\/\/www.zonaroja.com.mx\/?p=15723"},"modified":"2020-08-01T15:40:42","modified_gmt":"2020-08-01T20:40:42","slug":"reubican-a-desplazados-de-xoxocotlan-pero-vecinos-se-ponen-y-amenazan-con-desalojo","status":"publish","type":"post","link":"https:\/\/zonaroja.com.mx\/?p=15723","title":{"rendered":"Reubican a desplazados de Xoxocotl\u00e1n pero vecinos se ponen y amenazan con desalojo"},"content":{"rendered":"\n<p>Yuridiana Sosa\/Zona Roja.<\/p>\n\n\n\n<p>Oaxaca de Ju\u00e1rez, Oax., 1 de agosto de\n2020.-&nbsp; Vecinos de Poblado de Morelos,\nejido de San Pablo, Etla, advierten de un nuevo desalojo para los reubicados de\nSanta Cruz Xoxocotl\u00e1n, quienes por \u00f3rdenes de la Secretar\u00eda General de Gobierno\n(Segego) comenzaron este s\u00e1bado con su arribo a un espacio destinado a la\npreservaci\u00f3n ecol\u00f3gica.<\/p>\n\n\n\n<p>Luego de cinco d\u00edas de \u201cplat\u00f3n\u201d afuera\nde Casa Oficial para exigir una reubicaci\u00f3n, a ocho meses de su desplazamiento\nde Xoxocotl\u00e1n, los habitantes que radicaron en los predios de \u201cEl Coquito\u201d,\n\u201cLos M\u00e1ngales\u201d y \u201cLomas de Qu\u00edo\u201d, se retiraron este viernes por la tarde ante\nla propuesta del Gobierno del Estado de un nuevo sitio para habitar.<\/p>\n\n\n\n<p>No obstante, los vecinos de Poblado Morelos se manifestaron contra la decisi\u00f3n de la Segego al destinar el paraje \u201cEl Llano\u201d, con una extensi\u00f3n aproximada de dos hect\u00e1reas, para un nuevo asentamiento, a pesar que est\u00e1n destinadas por la autoridad agraria para uso ecol\u00f3gico.<\/p>\n\n\n\n<figure class=\"wp-block-embed-twitter wp-block-embed is-type-rich is-provider-twitter\"><div class=\"wp-block-embed__wrapper\">\n<div class=\"twitter-tweet\"><blockquote class=\"twitter-tweet\" data-lang=\"es\"><p lang=\"es\" dir=\"ltr\"><a href=\"https:\/\/twitter.com\/hashtag\/%C3%9AltimoMinuto?src=hash&amp;ref_src=twsrc%5Etfw\">#\u00daltimoMinuto<\/a> <br>Tensi\u00f3n en Poblado Morelos, agencia de San Pablo, Etla, por el rechazo de habitantes a la llegada de desplazados de Santa Cruz Xoxocotl\u00e1n a la zona; retienen a funcionarios de la <a href=\"https:\/\/twitter.com\/SEGEGO_GobOax?ref_src=twsrc%5Etfw\">@SEGEGO_GobOax<\/a>, preliminar. <a href=\"https:\/\/t.co\/w40vNTFaLR\">pic.twitter.com\/w40vNTFaLR<\/a><\/p>&mdash; Zona Roja Oaxaca (@MexRoja) <a href=\"https:\/\/twitter.com\/MexRoja\/status\/1289656663360733188?ref_src=twsrc%5Etfw\">1 de agosto de 2020<\/a><\/blockquote><\/div>\n<\/div><\/figure>\n\n\n\n<p>Motivo por el que exigen a la Segego un\nretiro inmediato o de lo contrario la poblaci\u00f3n realizar\u00e1 un desalojo violento\ncontra los nuevos habitantes adheridos a la Asamblea de los Pueblos Ind\u00edgenas.<\/p>\n\n\n\n<p>Por estos actos responsabilizaron al\nsecretario General de Gobierno, H\u00e9ctor Anuar Mafud, por incitar a la\nconfrontaci\u00f3n.<\/p>\n\n\n\n<p>Tras la inconformidad que se comenz\u00f3 a gestar al mediod\u00eda, arrib\u00f3 un funcionario de la Segego supuestamente para dialogar con ellos; sin embargo, fue retenido junto con al menos otras dos personas, por insistir en la reubicaci\u00f3n.<\/p>\n\n\n\n<figure class=\"wp-block-image\"><img decoding=\"async\" width=\"1024\" height=\"576\" src=\"http:\/\/www.zonaroja.com.mx\/wp-content\/uploads\/2020\/08\/Poblado-Morelos-Etla-1-1024x576.jpg\" alt=\"\" class=\"wp-image-15725\" srcset=\"https:\/\/zonaroja.com.mx\/wp-content\/uploads\/2020\/08\/Poblado-Morelos-Etla-1-1024x576.jpg 1024w, https:\/\/zonaroja.com.mx\/wp-content\/uploads\/2020\/08\/Poblado-Morelos-Etla-1-300x169.jpg 300w, https:\/\/zonaroja.com.mx\/wp-content\/uploads\/2020\/08\/Poblado-Morelos-Etla-1-768x432.jpg 768w, https:\/\/zonaroja.com.mx\/wp-content\/uploads\/2020\/08\/Poblado-Morelos-Etla-1-1170x658.jpg 1170w, https:\/\/zonaroja.com.mx\/wp-content\/uploads\/2020\/08\/Poblado-Morelos-Etla-1-585x329.jpg 585w, https:\/\/zonaroja.com.mx\/wp-content\/uploads\/2020\/08\/Poblado-Morelos-Etla-1.jpg 1280w\" sizes=\"(max-width: 1024px) 100vw, 1024px\" \/><\/figure>\n","protected":false},"excerpt":{"rendered":"<p>Yuridiana Sosa\/Zona Roja. Oaxaca de Ju\u00e1rez, Oax., 1 de agosto de 2020.-&nbsp; Vecinos de Poblado&hellip;<\/p>\n","protected":false},"author":2,"featured_media":15724,"comment_status":"closed","ping_status":"open","sticky":false,"template":"","format":"standard","meta":{"_lmt_disableupdate":"","_lmt_disable":"","_jetpack_memberships_contains_paid_content":false,"footnotes":""},"categories":[109,47],"tags":[1444,1877],"class_list":["post-15723","post","type-post","status-publish","format-standard","has-post-thumbnail","hentry","category-minuto-a-minuto","category-zona-gris","tag-desplazados-parajes-xoxocotlan-oaxaca","tag-poblado-morelos-san-pablo-etla"],"jetpack_featured_media_url":"https:\/\/zonaroja.com.mx\/wp-content\/uploads\/2020\/08\/Poblado-Morelos-Etla-2.jpg","jetpack_sharing_enabled":true,"_links":{"self":[{"href":"https:\/\/zonaroja.com.mx\/index.php?rest_route=\/wp\/v2\/posts\/15723","targetHints":{"allow":["GET"]}}],"collection":[{"href":"https:\/\/zonaroja.com.mx\/index.php?rest_route=\/wp\/v2\/posts"}],"about":[{"href":"https:\/\/zonaroja.com.mx\/index.php?rest_route=\/wp\/v2\/types\/post"}],"author":[{"embeddable":true,"href":"https:\/\/zonaroja.com.mx\/index.php?rest_route=\/wp\/v2\/users\/2"}],"replies":[{"embeddable":true,"href":"https:\/\/zonaroja.com.mx\/index.php?rest_route=%2Fwp%2Fv2%2Fcomments&post=15723"}],"version-history":[{"count":1,"href":"https:\/\/zonaroja.com.mx\/index.php?rest_route=\/wp\/v2\/posts\/15723\/revisions"}],"predecessor-version":[{"id":15726,"href":"https:\/\/zonaroja.com.mx\/index.php?rest_route=\/wp\/v2\/posts\/15723\/revisions\/15726"}],"wp:featuredmedia":[{"embeddable":true,"href":"https:\/\/zonaroja.com.mx\/index.php?rest_route=\/wp\/v2\/media\/15724"}],"wp:attachment":[{"href":"https:\/\/zonaroja.com.mx\/index.php?rest_route=%2Fwp%2Fv2%2Fmedia&parent=15723"}],"wp:term":[{"taxonomy":"category","embeddable":true,"href":"https:\/\/zonaroja.com.mx\/index.php?rest_route=%2Fwp%2Fv2%2Fcategories&post=15723"},{"taxonomy":"post_tag","embeddable":true,"href":"https:\/\/zonaroja.com.mx\/index.php?rest_route=%2Fwp%2Fv2%2Ftags&post=15723"}],"curies":[{"name":"wp","href":"https:\/\/api.w.org\/{rel}","templated":true}]}}