{"id":15727,"date":"2020-08-01T15:57:49","date_gmt":"2020-08-01T20:57:49","guid":{"rendered":"http:\/\/www.zonaroja.com.mx\/?p=15727"},"modified":"2020-08-01T15:57:52","modified_gmt":"2020-08-01T20:57:52","slug":"olvido-gobierno-a-chontales-afectados-por-sismo-del-23-de-junio-piden-ayuda-y-recurren-a-cooperaciones","status":"publish","type":"post","link":"https:\/\/zonaroja.com.mx\/?p=15727","title":{"rendered":"Olvid\u00f3 gobierno a chontales afectados por sismo del 23 de junio; piden ayuda y recurren a cooperaciones"},"content":{"rendered":"\n<p>Evlin Arag\u00f3n\/Zona Roja.<\/p>\n\n\n\n<p>Oaxaca de Ju\u00e1rez, Oax., 1 de agosto de\n2020.- \u201cMuchas de las casas de las familias chontales de la Sierra Sur\nsufrieron da\u00f1os estructurales, no todas se cayeron, pero muchas de ellas se\nencuentran muy partidas como las podemos observar. Muchas familias se\nencuentran en riego de que con un sismo m\u00e1s se pueda derrumbar todo\u201d. <\/p>\n\n\n\n<p>As\u00ed lo refiere Luis \u00c1ngel Leodegario a\ntrav\u00e9s de un video, con el cual buscan apoyo econ\u00f3mico, mediante una\nfondeadora, para respaldar a las familias que resultaron damnificadas con el\nsismo del 23 de junio con epicentro en Santa Cruz Huatulco y que\nlamentablemente no fueron atendidas por el gobierno de Oaxaca. <\/p>\n\n\n\n<p>\u201cEl objetivo es ayudar a las familias\nafectadas a construir un nuevo hogar, pues tienen su patrimonio afectado. Ni el\ngobierno ni las noticias hablan de lo que les sucedi\u00f3\u201d, manifiestan en la\nsolicitud de apoyo a trav\u00e9s de la p\u00e1gina donadora.org para la cual se unieron\nlos colectivos: Fane Kantini Polinizando Vidas, El Antigui Jilotepequillo y\nTifayi\u00b4Lajltayki. <\/p>\n\n\n\n<p>En el video, Eufracia Moreno y\nFlorencia Flores dan testimonio de c\u00f3mo se vinieron abajo sus viviendas al\nigual que las de decenas de familias cuyo patrimonio -hecho de adobe- ya\npresentaban da\u00f1os considerables desde los sismos del 2017, por lo que el movimiento\ntel\u00farico de hace un mes termin\u00f3 de afectarlo. <\/p>\n\n\n\n<p>\u201cHoy nos sumamos j\u00f3venes de diferentes comunidades que conocemos las necesidades de cada pueblo. nos inspira el creer que todo es posible, la mirada de los ni\u00f1os, pero sobre todo reconstruir el patrimonio de tantos a\u00f1os de historias de vida\u201d, explican.\u00a0 <\/p>\n\n\n\n<figure class=\"wp-block-embed-twitter wp-block-embed is-type-rich is-provider-twitter\"><div class=\"wp-block-embed__wrapper\">\n<div class=\"twitter-tweet\"><blockquote class=\"twitter-tweet\" data-lang=\"es\"><p lang=\"es\" dir=\"ltr\">Cualquier ayuda es enorme. Si puedes, apoyalos por favor. <a href=\"https:\/\/t.co\/DXbpOv0XcD\">https:\/\/t.co\/DXbpOv0XcD<\/a><\/p>&mdash; Yalitza Aparicio Mart\u00ednez (@YalitzaAparicio) <a href=\"https:\/\/twitter.com\/YalitzaAparicio\/status\/1289394422661054464?ref_src=twsrc%5Etfw\">1 de agosto de 2020<\/a><\/blockquote><\/div>\n<\/div><\/figure>\n\n\n\n<p>De acuerdo con representantes de las\nagrupaciones, la intenci\u00f3n es repartir entre ellas lo que se logre recaudar,\npara aligerar la carga econ\u00f3mica a fin de poder reparar da\u00f1os y construir un\nnuevo hogar, ya que actualmente, las familias afectadas est\u00e1n usando parte de\nsu patrimonio para reconstruir sus casas. <\/p>\n\n\n\n<p>Algunas de las comunidades afectadas\nson: San Jos\u00e9 Chiltepec, Santa Mar\u00eda Zapotitl\u00e1n, San Mat\u00edas Petacaltepec, Santa\nMar\u00eda Candelaria, San Miguel Suchiltepec, San Lorenzo Jilotepequillo, entre\notras. <\/p>\n\n\n\n<p>\u201cTe invitamos a que te sumes junto con\nnosotros para que podamos apoyar y echarles una mano a las familias que m\u00e1s nos\nnecesitan\u201d, solicitan. <\/p>\n\n\n\n<p>La meta es reunir 120 mil pesos y s\u00f3lo\nquedan seis d\u00edas para conseguirlo, por lo que es necesaria la suma de esfuerzos\nen estos momentos y donar a trav\u00e9s de la p\u00e1gina <a href=\"https:\/\/donadora.org\/campanas\/reconstruyamos-nacion-chontal\">https:\/\/donadora.org\/campanas\/reconstruyamos-nacion-chontal<\/a>\n<\/p>\n\n\n\n<p>\u201cNuestro objetivo es recaudar ayuda\npara poder construir el patrimonio de las familias afectadas por el sismo de\neste 23 de junio. Hoy nos necesitan\u201d.<\/p>\n","protected":false},"excerpt":{"rendered":"<p>Evlin Arag\u00f3n\/Zona Roja. Oaxaca de Ju\u00e1rez, Oax., 1 de agosto de 2020.- \u201cMuchas de las&hellip;<\/p>\n","protected":false},"author":2,"featured_media":15728,"comment_status":"closed","ping_status":"open","sticky":false,"template":"","format":"standard","meta":{"_lmt_disableupdate":"","_lmt_disable":"","_jetpack_memberships_contains_paid_content":false,"footnotes":""},"categories":[109,47],"tags":[1782],"class_list":["post-15727","post","type-post","status-publish","format-standard","has-post-thumbnail","hentry","category-minuto-a-minuto","category-zona-gris","tag-sismo-oaxaca"],"jetpack_featured_media_url":"https:\/\/zonaroja.com.mx\/wp-content\/uploads\/2020\/08\/Chontales-Istmo.jpg","jetpack_sharing_enabled":true,"_links":{"self":[{"href":"https:\/\/zonaroja.com.mx\/index.php?rest_route=\/wp\/v2\/posts\/15727","targetHints":{"allow":["GET"]}}],"collection":[{"href":"https:\/\/zonaroja.com.mx\/index.php?rest_route=\/wp\/v2\/posts"}],"about":[{"href":"https:\/\/zonaroja.com.mx\/index.php?rest_route=\/wp\/v2\/types\/post"}],"author":[{"embeddable":true,"href":"https:\/\/zonaroja.com.mx\/index.php?rest_route=\/wp\/v2\/users\/2"}],"replies":[{"embeddable":true,"href":"https:\/\/zonaroja.com.mx\/index.php?rest_route=%2Fwp%2Fv2%2Fcomments&post=15727"}],"version-history":[{"count":1,"href":"https:\/\/zonaroja.com.mx\/index.php?rest_route=\/wp\/v2\/posts\/15727\/revisions"}],"predecessor-version":[{"id":15729,"href":"https:\/\/zonaroja.com.mx\/index.php?rest_route=\/wp\/v2\/posts\/15727\/revisions\/15729"}],"wp:featuredmedia":[{"embeddable":true,"href":"https:\/\/zonaroja.com.mx\/index.php?rest_route=\/wp\/v2\/media\/15728"}],"wp:attachment":[{"href":"https:\/\/zonaroja.com.mx\/index.php?rest_route=%2Fwp%2Fv2%2Fmedia&parent=15727"}],"wp:term":[{"taxonomy":"category","embeddable":true,"href":"https:\/\/zonaroja.com.mx\/index.php?rest_route=%2Fwp%2Fv2%2Fcategories&post=15727"},{"taxonomy":"post_tag","embeddable":true,"href":"https:\/\/zonaroja.com.mx\/index.php?rest_route=%2Fwp%2Fv2%2Ftags&post=15727"}],"curies":[{"name":"wp","href":"https:\/\/api.w.org\/{rel}","templated":true}]}}