{"id":15732,"date":"2020-08-01T17:58:39","date_gmt":"2020-08-01T22:58:39","guid":{"rendered":"http:\/\/www.zonaroja.com.mx\/?p=15732"},"modified":"2020-08-01T17:58:43","modified_gmt":"2020-08-01T22:58:43","slug":"se-moviliza-san-martin-peras-en-juxtlahuaca-por-retencion-de-habitantes","status":"publish","type":"post","link":"https:\/\/zonaroja.com.mx\/?p=15732","title":{"rendered":"Se moviliza San Mart\u00edn Peras en Juxtlahuaca por retenci\u00f3n de habitantes"},"content":{"rendered":"\n<p>Yuridiana Sosa\/Zona Roja.<\/p>\n\n\n\n<p>Oaxaca de Ju\u00e1rez, Oax., 1 de agosto de\n2020.- A casi dos d\u00edas de la retenci\u00f3n de 12 personas de su comunidad,\nautoridades y pobladores de San Mart\u00edn Peras se movilizaron en Santiago\nJuxtlahuaca para exigir, nuevamente, la urgente intervenci\u00f3n de la Segego y a\nla Fiscal\u00eda General de Oaxaca.<\/p>\n\n\n\n<p>La manifestaci\u00f3n en el Campo de\nAviaci\u00f3n de Juxtlahuaca se registr\u00f3 por la desatenci\u00f3n de las autoridades\ncorrespondientes, principalmente de la Secretar\u00eda General de Gobierno, ante un\nhecho que podr\u00eda relacionarse con el problema agrario de hace varias d\u00e9cadas.<\/p>\n\n\n\n<p>Desde hace aproximadamente 48 horas de\nla privaci\u00f3n ilegal de seis ciudadanos y seis polic\u00edas municipales de San\nMart\u00edn, las autoridades municipales desconocen el estado f\u00edsico o de salud de\nlas personas retenidas en la agencia de Juxtlahuaca.<\/p>\n\n\n\n<p>El presidente de San Mart\u00edn Peras,\nRom\u00e1n Ju\u00e1rez Cruz, detall\u00f3 que el pasado jueves, aproximadamente a las 17:00\nhoras, seis polic\u00edas, tres trabajadores alba\u00f1iles y tres pobladores que\npastoreaban, fueron llevados contra su voluntad por un grupo de personas\narmadas de Santos Reyes Zochiquilazala .<\/p>\n\n\n\n<p>Los hechos ocurrieron en inmediaciones\nde un camino a 200 metros de la desviaci\u00f3n de Zochiquilazala que comunica con\nTecomaxtlahuaca.<\/p>\n\n\n\n<p>Por esta situaci\u00f3n, los manifestantes\ntemen que estalle un enfrentamiento armado entre ambas comunidades que desde\nhace m\u00e1s de 50 a\u00f1os mantienen un problema agrario por los l\u00edmites de tierras.<\/p>\n\n\n\n<p>Por lo que responsabilizan a los\ntitulares de la Segego, H\u00e9ctor Mafud, de la Fiscal\u00eda General de Oaxaca, Rub\u00e9n\nVasconcelos y al gobernador Alejandro Murat de cualquier acto, pues no han\ncumplido con la atenci\u00f3n en los tiempos correspondientes.<\/p>\n\n\n\n<p>Por otra parte, vecinos de Juxtlahuaca\ndenunciaron que el edil Nicol\u00e1s Feria, en lugar de atender la problem\u00e1tica de\nlas comunidades, se pasea con polic\u00edas y un grupo con armas de grueso calibre,\nas\u00ed como camionetas blindadas.<\/p>\n\n\n\n<p>Misma protecci\u00f3n policial otorga a sus\nfamiliares, entre ellos su padre, mientras que el municipio y sus agencias\npadecen una grave inseguridad y abandono.<\/p>\n","protected":false},"excerpt":{"rendered":"<p>Yuridiana Sosa\/Zona Roja. Oaxaca de Ju\u00e1rez, Oax., 1 de agosto de 2020.- A casi dos&hellip;<\/p>\n","protected":false},"author":2,"featured_media":15733,"comment_status":"closed","ping_status":"open","sticky":false,"template":"","format":"standard","meta":{"_lmt_disableupdate":"","_lmt_disable":"","_jetpack_memberships_contains_paid_content":false,"footnotes":""},"categories":[109,47],"tags":[1872],"class_list":["post-15732","post","type-post","status-publish","format-standard","has-post-thumbnail","hentry","category-minuto-a-minuto","category-zona-gris","tag-san-martin-peras"],"jetpack_featured_media_url":"https:\/\/zonaroja.com.mx\/wp-content\/uploads\/2020\/08\/Edil-Juxtlahuaca.jpg","jetpack_sharing_enabled":true,"_links":{"self":[{"href":"https:\/\/zonaroja.com.mx\/index.php?rest_route=\/wp\/v2\/posts\/15732","targetHints":{"allow":["GET"]}}],"collection":[{"href":"https:\/\/zonaroja.com.mx\/index.php?rest_route=\/wp\/v2\/posts"}],"about":[{"href":"https:\/\/zonaroja.com.mx\/index.php?rest_route=\/wp\/v2\/types\/post"}],"author":[{"embeddable":true,"href":"https:\/\/zonaroja.com.mx\/index.php?rest_route=\/wp\/v2\/users\/2"}],"replies":[{"embeddable":true,"href":"https:\/\/zonaroja.com.mx\/index.php?rest_route=%2Fwp%2Fv2%2Fcomments&post=15732"}],"version-history":[{"count":1,"href":"https:\/\/zonaroja.com.mx\/index.php?rest_route=\/wp\/v2\/posts\/15732\/revisions"}],"predecessor-version":[{"id":15734,"href":"https:\/\/zonaroja.com.mx\/index.php?rest_route=\/wp\/v2\/posts\/15732\/revisions\/15734"}],"wp:featuredmedia":[{"embeddable":true,"href":"https:\/\/zonaroja.com.mx\/index.php?rest_route=\/wp\/v2\/media\/15733"}],"wp:attachment":[{"href":"https:\/\/zonaroja.com.mx\/index.php?rest_route=%2Fwp%2Fv2%2Fmedia&parent=15732"}],"wp:term":[{"taxonomy":"category","embeddable":true,"href":"https:\/\/zonaroja.com.mx\/index.php?rest_route=%2Fwp%2Fv2%2Fcategories&post=15732"},{"taxonomy":"post_tag","embeddable":true,"href":"https:\/\/zonaroja.com.mx\/index.php?rest_route=%2Fwp%2Fv2%2Ftags&post=15732"}],"curies":[{"name":"wp","href":"https:\/\/api.w.org\/{rel}","templated":true}]}}