{"id":15735,"date":"2020-08-01T18:15:04","date_gmt":"2020-08-01T23:15:04","guid":{"rendered":"http:\/\/www.zonaroja.com.mx\/?p=15735"},"modified":"2020-08-01T18:15:08","modified_gmt":"2020-08-01T23:15:08","slug":"una-mas-fiscalia-de-oaxaca-pone-en-riesgo-a-una-mujer-victima-de-violencia","status":"publish","type":"post","link":"https:\/\/zonaroja.com.mx\/?p=15735","title":{"rendered":"Una m\u00e1s: Fiscal\u00eda de Oaxaca pone en riesgo a una mujer v\u00edctima de violencia"},"content":{"rendered":"\n<p>Soledad Jarqu\u00edn Edgar\/SemM\u00e9xico<\/p>\n\n\n\n<p>SemM\u00e9xico, Oaxaca, 1 de agosto, 2020.-\nEn unos d\u00edas m\u00e1s y despu\u00e9s de cinco meses, se realizar\u00e1 la audiencia inicial,\ntiempo en el que la denuncia por violencia familiar de L.V.T. estuvo\n\u201cextraviada\u201d y, por tanto, tampoco le fueron otorgadas medidas de protecci\u00f3n.<\/p>\n\n\n\n<p>La denuncia por violencia familiar y la\nfalta de medidas de protecci\u00f3n increment\u00f3 durante ese lapso el riesgo para L.V.T.\npor parte de su ex pareja, empresario de origen italiano, asentado en la playa\nde Mazunte.<\/p>\n\n\n\n<p>Por lo que la defensa de la v\u00edctima\nespera que el caso sea juzgado con perspectiva de g\u00e9nero y enfoque de derechos\nhumanos, de acuerdo con la convencionalidad en la audiencia inicial, como\ndeterminan las obligaciones internacionales y constitucionales.<\/p>\n\n\n\n<p>Al menos 20 a\u00f1os despu\u00e9s de sufrir toda\nclase de violencias en la familia &#8211;sexual, f\u00edsica, patrimonial, econ\u00f3mica y\npsicol\u00f3gica&#8211;, L.V.T. decidi\u00f3 denunciar a su ex pareja, Andrea N., lo que\nocurri\u00f3 a finales de enero pasado, en la Vicefiscal\u00eda Regional de la Costa.<\/p>\n\n\n\n<p>Durante ese tiempo, adem\u00e1s, la carpeta de\ninvestigaci\u00f3n \u201cestuvo extraviada\u201d y fue hasta que la abogada defensora entabl\u00f3\nuna conversaci\u00f3n telef\u00f3nica con el fiscal General del Estado de Oaxaca, Rub\u00e9n\nVasconcelos M\u00e9ndez, es \u201cque la carpeta apareci\u00f3\u201d y se procedi\u00f3 a brindarle las\nmedidas de protecci\u00f3n necesarias, esto a finales de junio pasado, cinco meses\ndespu\u00e9s de interponer la denuncia.<\/p>\n\n\n\n<p>Esta situaci\u00f3n, revela Mara Mu\u00f1oz,\nabogada de L.V.T-, dio pie a que la v\u00edctima de m\u00faltiples formas de violencia\ndentro de su hogar, fuera objeto de otras agresiones por parte de Andrea N.,\ncomo el hecho de haber puesto a su hijo, estudiante universitario, en contra de\nsu mam\u00e1.<\/p>\n\n\n\n<p>Adem\u00e1s, ha sido objeto de dos\nagresiones por parte del inculpado, \u201cen una ocasi\u00f3n la persigui\u00f3 a bordo de una\ncamioneta, la insult\u00f3 y amenaz\u00f3\u201d.<\/p>\n\n\n\n<p>En otra ocasi\u00f3n, el 6 de junio, acudi\u00f3\nal que era su domicilio y al que no regresaba desde enero pasado; su objetivo\nera buscar algunas cosas personales. <\/p>\n\n\n\n<p>L.V.T. acudi\u00f3 acompa\u00f1ada de dos\ndefensoras de derechos humanos, lo que recibi\u00f3 fueron insultos y amenazas por\nparte de Andrea N., quien la corri\u00f3 del lugar con machete en mano.<\/p>\n\n\n\n<p>Andrea N. denunci\u00f3 ante la Vicefiscal\u00eda\nRegional de la Costa, a cargo de Alejandro Pe\u00f1a D\u00edaz, un supuesto\n\u201callanamiento\u201d a su casa, as\u00ed como da\u00f1os, golpes simples y amenazas, \u201ces decir,\nvoltea los hechos\u201d y presenta un supuesto testigo de los hechos, explica la\nabogada, quien a\u00f1ade que hasta ese d\u00eda la carpeta sigue \u201cperdida\u201d.<\/p>\n\n\n\n<p>Andrea N. recibe de manera inmediata\n\u201cmedidas de protecci\u00f3n\u201d, en tanto que L.V.T., quien denunci\u00f3 el 29 de enero\ntuvo que esperar hasta finales de junio para recibir medidas de protecci\u00f3n, a\npesar de las reiteradas solicitudes del equipo asesor de la v\u00edctima.<\/p>\n","protected":false},"excerpt":{"rendered":"<p>Soledad Jarqu\u00edn Edgar\/SemM\u00e9xico SemM\u00e9xico, Oaxaca, 1 de agosto, 2020.- En unos d\u00edas m\u00e1s y despu\u00e9s&hellip;<\/p>\n","protected":false},"author":2,"featured_media":2449,"comment_status":"closed","ping_status":"open","sticky":false,"template":"","format":"standard","meta":{"_lmt_disableupdate":"","_lmt_disable":"","_jetpack_memberships_contains_paid_content":false,"footnotes":""},"categories":[109,47],"tags":[494],"class_list":["post-15735","post","type-post","status-publish","format-standard","has-post-thumbnail","hentry","category-minuto-a-minuto","category-zona-gris","tag-fiscalia-general-del-estado-de-oaxaca"],"jetpack_featured_media_url":"https:\/\/zonaroja.com.mx\/wp-content\/uploads\/2019\/07\/Fiscal-General-Rub\u00e9n-Vasconcelos-M\u00e9ndez-1.jpg","jetpack_sharing_enabled":true,"_links":{"self":[{"href":"https:\/\/zonaroja.com.mx\/index.php?rest_route=\/wp\/v2\/posts\/15735","targetHints":{"allow":["GET"]}}],"collection":[{"href":"https:\/\/zonaroja.com.mx\/index.php?rest_route=\/wp\/v2\/posts"}],"about":[{"href":"https:\/\/zonaroja.com.mx\/index.php?rest_route=\/wp\/v2\/types\/post"}],"author":[{"embeddable":true,"href":"https:\/\/zonaroja.com.mx\/index.php?rest_route=\/wp\/v2\/users\/2"}],"replies":[{"embeddable":true,"href":"https:\/\/zonaroja.com.mx\/index.php?rest_route=%2Fwp%2Fv2%2Fcomments&post=15735"}],"version-history":[{"count":1,"href":"https:\/\/zonaroja.com.mx\/index.php?rest_route=\/wp\/v2\/posts\/15735\/revisions"}],"predecessor-version":[{"id":15736,"href":"https:\/\/zonaroja.com.mx\/index.php?rest_route=\/wp\/v2\/posts\/15735\/revisions\/15736"}],"wp:featuredmedia":[{"embeddable":true,"href":"https:\/\/zonaroja.com.mx\/index.php?rest_route=\/wp\/v2\/media\/2449"}],"wp:attachment":[{"href":"https:\/\/zonaroja.com.mx\/index.php?rest_route=%2Fwp%2Fv2%2Fmedia&parent=15735"}],"wp:term":[{"taxonomy":"category","embeddable":true,"href":"https:\/\/zonaroja.com.mx\/index.php?rest_route=%2Fwp%2Fv2%2Fcategories&post=15735"},{"taxonomy":"post_tag","embeddable":true,"href":"https:\/\/zonaroja.com.mx\/index.php?rest_route=%2Fwp%2Fv2%2Ftags&post=15735"}],"curies":[{"name":"wp","href":"https:\/\/api.w.org\/{rel}","templated":true}]}}