{"id":15738,"date":"2020-08-01T21:33:41","date_gmt":"2020-08-02T02:33:41","guid":{"rendered":"http:\/\/www.zonaroja.com.mx\/?p=15738"},"modified":"2020-08-01T21:33:44","modified_gmt":"2020-08-02T02:33:44","slug":"registra-la-costa-de-oaxaca-dos-asesinatos-uno-de-un-taxista","status":"publish","type":"post","link":"https:\/\/zonaroja.com.mx\/?p=15738","title":{"rendered":"Registra la Costa de Oaxaca dos asesinatos, uno de un taxista"},"content":{"rendered":"\n<p>Redacci\u00f3n\/Zona Roja.<\/p>\n\n\n\n<p>Oaxaca de Ju\u00e1rez, Oax., 1 de agosto de\n2020.- Dos personas fueron asesinadas a balazos durante este s\u00e1bado en\ncomunidades de la regi\u00f3n de la Costa de Oaxaca, una de ellas de oficio taxista.<\/p>\n\n\n\n<p>La tarde de hoy fue ultimado el chofer\nde un taxi con n\u00famero econ\u00f3mico 06-281, de Santiago Jamiltepec, identificado\ncomo Noel A., originario de Santa Mar\u00eda Yosocani, San Lorenzo.<\/p>\n\n\n\n<p>El cuerpo fue localizado en el interior\nde la unidad de motor, sobre la carretera a San Pedro Siniyuvi, del municipio\nde San Juan Colorado; a\u00fan se desconoce el m\u00f3vil de la ejecuci\u00f3n as\u00ed como el o\nlos probables responsables.<\/p>\n\n\n\n<p>Mientras tanto, durante la ma\u00f1ana, en\nel destino tur\u00edstico de Puerto Escondido, agencia de San Pedro Mixtepec, fue\nasesinado un individuo, que en vida respondi\u00f3 al nombre de Francisco \u201cN\u201d.<\/p>\n\n\n\n<p>El cuerpo fue localizado en\ninmediaciones de la colonia Marinero, colindancia con fraccionamiento La Joya.<\/p>\n\n\n\n<p>El cuerpo presentaba varios disparos de\narmas de fuego y a\u00fan se desconoce la identidad del o los agresores; en ambos\nasesinatos perpetrados en la regi\u00f3n coste\u00f1a no hay personas detenidas.<\/p>\n","protected":false},"excerpt":{"rendered":"<p>Redacci\u00f3n\/Zona Roja. Oaxaca de Ju\u00e1rez, Oax., 1 de agosto de 2020.- Dos personas fueron asesinadas&hellip;<\/p>\n","protected":false},"author":2,"featured_media":15739,"comment_status":"closed","ping_status":"open","sticky":false,"template":"","format":"standard","meta":{"_lmt_disableupdate":"","_lmt_disable":"","_jetpack_memberships_contains_paid_content":false,"footnotes":""},"categories":[109,51],"tags":[590,1878],"class_list":["post-15738","post","type-post","status-publish","format-standard","has-post-thumbnail","hentry","category-minuto-a-minuto","category-zona-roja","tag-puerto-escondido","tag-san-juan-colorado"],"jetpack_featured_media_url":"https:\/\/zonaroja.com.mx\/wp-content\/uploads\/2020\/08\/Taxista-asesinado-San-Juan-Colorado.jpg","jetpack_sharing_enabled":true,"_links":{"self":[{"href":"https:\/\/zonaroja.com.mx\/index.php?rest_route=\/wp\/v2\/posts\/15738","targetHints":{"allow":["GET"]}}],"collection":[{"href":"https:\/\/zonaroja.com.mx\/index.php?rest_route=\/wp\/v2\/posts"}],"about":[{"href":"https:\/\/zonaroja.com.mx\/index.php?rest_route=\/wp\/v2\/types\/post"}],"author":[{"embeddable":true,"href":"https:\/\/zonaroja.com.mx\/index.php?rest_route=\/wp\/v2\/users\/2"}],"replies":[{"embeddable":true,"href":"https:\/\/zonaroja.com.mx\/index.php?rest_route=%2Fwp%2Fv2%2Fcomments&post=15738"}],"version-history":[{"count":1,"href":"https:\/\/zonaroja.com.mx\/index.php?rest_route=\/wp\/v2\/posts\/15738\/revisions"}],"predecessor-version":[{"id":15740,"href":"https:\/\/zonaroja.com.mx\/index.php?rest_route=\/wp\/v2\/posts\/15738\/revisions\/15740"}],"wp:featuredmedia":[{"embeddable":true,"href":"https:\/\/zonaroja.com.mx\/index.php?rest_route=\/wp\/v2\/media\/15739"}],"wp:attachment":[{"href":"https:\/\/zonaroja.com.mx\/index.php?rest_route=%2Fwp%2Fv2%2Fmedia&parent=15738"}],"wp:term":[{"taxonomy":"category","embeddable":true,"href":"https:\/\/zonaroja.com.mx\/index.php?rest_route=%2Fwp%2Fv2%2Fcategories&post=15738"},{"taxonomy":"post_tag","embeddable":true,"href":"https:\/\/zonaroja.com.mx\/index.php?rest_route=%2Fwp%2Fv2%2Ftags&post=15738"}],"curies":[{"name":"wp","href":"https:\/\/api.w.org\/{rel}","templated":true}]}}