{"id":15741,"date":"2020-08-01T21:46:41","date_gmt":"2020-08-02T02:46:41","guid":{"rendered":"http:\/\/www.zonaroja.com.mx\/?p=15741"},"modified":"2020-08-01T21:46:45","modified_gmt":"2020-08-02T02:46:45","slug":"cierra-sabado-en-oaxaca-con-158-casos-nuevos-de-covid-y-9-decesos","status":"publish","type":"post","link":"https:\/\/zonaroja.com.mx\/?p=15741","title":{"rendered":"Cierra s\u00e1bado en Oaxaca con 158 casos nuevos de Covid y 9 decesos"},"content":{"rendered":"\n<p>Redacci\u00f3n\/Zona Roja.<\/p>\n\n\n\n<p>Oaxaca de Ju\u00e1rez, Oax., 1 de agosto de\n2020.- Al corte epidemiol\u00f3gico de este s\u00e1bado 1 de agosto, se han presentado\n158 casos nuevos, que suman 10 mil 673 casos acumulados a Covid-19 en el estado,\ninform\u00f3 la dependencia Servicios de Salud de Oaxaca (SSO).<\/p>\n\n\n\n<p>Expuso que se han notificado 16 mil 132\ncasos, de los cuales cuatro mil 500 han sido negativos, 959 son sospechosos en\nespera de resultados por laboratorio, nueve mil 56 se han recuperado y\nlamentablemente se han registrado nueve decesos que suman 968; hay tambi\u00e9n 649\ncasos activos.<\/p>\n\n\n\n<p>Refiri\u00f3 que la Jurisdicci\u00f3n Sanitaria\nn\u00famero uno Valles Centrales, registra seis mil 974 casos confirmados y 475 defunciones;\nTuxtepec mil 447 y 214 defunciones; Istmo mil 57 y 150 defunciones; Mixteca 606\ny 58 defunciones; Costa 413 y 42 defunciones; y la Sierra 176 y 29 defunciones.<\/p>\n\n\n\n<p>Dijo que los 158 casos nuevos, se encuentran en 44 municipios, siendo los que mayor n\u00famero presentan el de Oaxaca de Ju\u00e1rez con 27, Salina Cruz 15, San Juan Bautista Tuxtepec 14, Santo Domingo Tehuantepec 10, Huajuapan de Le\u00f3n nueve, Santa Cruz Xoxocotl\u00e1n ocho, Mat\u00edas Romero siete, Santa Luc\u00eda del Camino seis, el resto cinco, cuatro, tres, dos y uno.<\/p>\n\n\n\n<figure class=\"wp-block-embed-twitter wp-block-embed is-type-rich is-provider-twitter\"><div class=\"wp-block-embed__wrapper\">\n<div class=\"twitter-tweet\"><blockquote class=\"twitter-tweet\" data-lang=\"es\"><p lang=\"es\" dir=\"ltr\">Mantengamos las medidas de prevenci\u00f3n contra el <a href=\"https:\/\/twitter.com\/hashtag\/COVID19?src=hash&amp;ref_src=twsrc%5Etfw\">#COVID19<\/a>, as\u00ed lograremos mitigar los contagios.<br>Hoy <a href=\"https:\/\/twitter.com\/hashtag\/Oaxaca?src=hash&amp;ref_src=twsrc%5Etfw\">#Oaxaca<\/a> registr\u00f3 158 casos positivos nuevos.<a href=\"https:\/\/twitter.com\/hashtag\/EligeLaVida?src=hash&amp;ref_src=twsrc%5Etfw\">#EligeLaVida<\/a> <a href=\"https:\/\/t.co\/z44unzDWYv\">pic.twitter.com\/z44unzDWYv<\/a><\/p>&mdash; Servicios de Salud (@SSO_GobOax) <a href=\"https:\/\/twitter.com\/SSO_GobOax\/status\/1289733769767710720?ref_src=twsrc%5Etfw\">2 de agosto de 2020<\/a><\/blockquote><\/div>\n<\/div><\/figure>\n\n\n\n<p>De los 649 casos activos, la\nJurisdicci\u00f3n Sanitaria n\u00famero uno Valles Centrales registra 414, el Istmo y la\nMixteca 66 cada uno, Tuxtepec 62, Costa 35 y la Sierra seis.<\/p>\n\n\n\n<p>Por otra parte, ante los s\u00edntomas de Covid-19\ncomo: fiebre, tos seca, dolor de garganta, cansancio, dolor de cabeza, p\u00e9rdida\nde olfato o gusto, recomend\u00f3 llamar a los tel\u00e9fonos: 800 770 8437, 951 516\n8242, 951 516 1220, y 951 297 57 41.<\/p>\n\n\n\n<p>Finalmente, dijo que la pandemia\ncontin\u00faa, por lo que las y los oaxaque\u00f1os no deben bajar la guardia. <\/p>\n\n\n\n<p>\u201cLas personas que se pueden quedar en\ncasa, h\u00e1ganlo, porque debemos continuar con las medidas higi\u00e9nicas y de\nprevenci\u00f3n como el uso de cubrebocas, sana distancia y lavado de manos con agua\ny jab\u00f3n\u201d.<\/p>\n","protected":false},"excerpt":{"rendered":"<p>Redacci\u00f3n\/Zona Roja. Oaxaca de Ju\u00e1rez, Oax., 1 de agosto de 2020.- Al corte epidemiol\u00f3gico de&hellip;<\/p>\n","protected":false},"author":2,"featured_media":15742,"comment_status":"closed","ping_status":"open","sticky":false,"template":"","format":"standard","meta":{"_lmt_disableupdate":"","_lmt_disable":"","_jetpack_memberships_contains_paid_content":false,"footnotes":""},"categories":[109,47],"tags":[1512],"class_list":["post-15741","post","type-post","status-publish","format-standard","has-post-thumbnail","hentry","category-minuto-a-minuto","category-zona-gris","tag-coronavirus-oaxaca"],"jetpack_featured_media_url":"https:\/\/zonaroja.com.mx\/wp-content\/uploads\/2020\/08\/SSO-1-1.jpeg","jetpack_sharing_enabled":true,"_links":{"self":[{"href":"https:\/\/zonaroja.com.mx\/index.php?rest_route=\/wp\/v2\/posts\/15741","targetHints":{"allow":["GET"]}}],"collection":[{"href":"https:\/\/zonaroja.com.mx\/index.php?rest_route=\/wp\/v2\/posts"}],"about":[{"href":"https:\/\/zonaroja.com.mx\/index.php?rest_route=\/wp\/v2\/types\/post"}],"author":[{"embeddable":true,"href":"https:\/\/zonaroja.com.mx\/index.php?rest_route=\/wp\/v2\/users\/2"}],"replies":[{"embeddable":true,"href":"https:\/\/zonaroja.com.mx\/index.php?rest_route=%2Fwp%2Fv2%2Fcomments&post=15741"}],"version-history":[{"count":1,"href":"https:\/\/zonaroja.com.mx\/index.php?rest_route=\/wp\/v2\/posts\/15741\/revisions"}],"predecessor-version":[{"id":15743,"href":"https:\/\/zonaroja.com.mx\/index.php?rest_route=\/wp\/v2\/posts\/15741\/revisions\/15743"}],"wp:featuredmedia":[{"embeddable":true,"href":"https:\/\/zonaroja.com.mx\/index.php?rest_route=\/wp\/v2\/media\/15742"}],"wp:attachment":[{"href":"https:\/\/zonaroja.com.mx\/index.php?rest_route=%2Fwp%2Fv2%2Fmedia&parent=15741"}],"wp:term":[{"taxonomy":"category","embeddable":true,"href":"https:\/\/zonaroja.com.mx\/index.php?rest_route=%2Fwp%2Fv2%2Fcategories&post=15741"},{"taxonomy":"post_tag","embeddable":true,"href":"https:\/\/zonaroja.com.mx\/index.php?rest_route=%2Fwp%2Fv2%2Ftags&post=15741"}],"curies":[{"name":"wp","href":"https:\/\/api.w.org\/{rel}","templated":true}]}}