{"id":15751,"date":"2020-08-02T08:17:40","date_gmt":"2020-08-02T13:17:40","guid":{"rendered":"http:\/\/www.zonaroja.com.mx\/?p=15751"},"modified":"2020-08-02T08:17:43","modified_gmt":"2020-08-02T13:17:43","slug":"crece-violencia-de-genero-contra-ninas-y-adolescentes-en-oaxaca","status":"publish","type":"post","link":"https:\/\/zonaroja.com.mx\/?p=15751","title":{"rendered":"Crece violencia de g\u00e9nero contra ni\u00f1as y adolescentes en Oaxaca"},"content":{"rendered":"\n<p>Yuridiana Sosa\/Zona Roja.<\/p>\n\n\n\n<p>Oaxaca de Ju\u00e1rez, Oax., 2 de agosto de\n2020.- En Oaxaca la violencia de g\u00e9nero afecta cada vez m\u00e1s a las menores de\nedad, quienes se han vuelto blanco de desapariciones, delitos sexuales y hasta\nde feminicidios, se\u00f1al\u00f3 en su reporte m\u00e1s reciente la organizaci\u00f3n defensora de\nderechos humanos Consorcio Oaxaca.<\/p>\n\n\n\n<p>En su informe m\u00e1s reciente, Consorcio\npara el Di\u00e1logo Parlamentario y la Equidad Oaxaca se\u00f1al\u00f3 que desde el 1 de\ndiciembre de 2016, al inicio del mandato de Alejandro Murat, a la fecha, se\ncometieron dos mil 106 agresiones contra mujeres, de las que 450 son\nfeminicidios.<\/p>\n\n\n\n<p>De acuerdo con la identidad de edades\nde las v\u00edctimas, en mil 438 casos, Consorcio Oaxaca revel\u00f3 que el 88 por ciento\nde los hechos violentos son contra ni\u00f1as y adolescentes entre los 11 y 17 a\u00f1os.<\/p>\n\n\n\n<p>Las menores han sido v\u00edctimas en un 82\npor ciento de las desapariciones que se registraron en la entidad, seguido de\ndelitos sexuales con un ocho por ciento, de feminicidios en cinco por ciento,\nsuicidios en cuatro por ciento y la violencia familiar de un por ciento.<\/p>\n\n\n\n<p>Ese grupo de edad, vulnerable, es\nseguido por el de entre los 18 y 29 a\u00f1os con 398 casos, en el que en un 52 por\nciento desaparecieron, en 25 por ciento fueron asesinadas; cinco por ciento de\nellas se suicidaron y en tres por ciento fueron v\u00edctimas de delitos sexuales.<\/p>\n\n\n\n<p>Pero la violencia familiar tambi\u00e9n ha\nimpactado de forma considerable a este grupo de edad con un incremento de hasta\nel 14 por ciento en comparaci\u00f3n al corte anterior.<\/p>\n\n\n\n<p>FEMINICIDIOS<\/p>\n\n\n\n<p>Los feminicidios en Oaxaca han\nimpactado en un mayor rango de edades. Las mujeres entre los 30 y 59 a\u00f1os de\nedad ocupan el 49 por ciento de las v\u00edctimas de este delito de alto impacto.<\/p>\n\n\n\n<p>En este rango de edades se identific\u00f3\nla comisi\u00f3n de 351 delitos, de los que adem\u00e1s, el 21 por ciento est\u00e1n\ndesaparecidas, 20 por ciento sufrieron violencia familiar; seis por ciento se\nsuicidaron y dos por ciento fueron agredidas sexualmente, as\u00ed como de violencia\npol\u00edtica.<\/p>\n\n\n\n<p>Consorcio Oaxaca indic\u00f3 que la magnitud\nde la violencia de g\u00e9nero es m\u00e1s grave en el actual contexto de confinamiento\npor la contingencia de contexto de Covid-19, pues las mujeres est\u00e1n obligadas a\nconvivir con sus principales agresores, mientras que se enfrentan a una\natenci\u00f3n dilatada y deficiente de las instituciones p\u00fablicas encargadas de\nproporcionar ayuda y protecci\u00f3n.<\/p>\n\n\n\n<p>De los dos mil 106 agresiones contra\nmujeres en el sexenio actual, 301 son delitos sexuales, 846 desapariciones, 450\nfeminicidios, 71 suicidios, 387 casos de violencia familiar y 51 por violencia\npol\u00edtica de g\u00e9nero.<\/p>\n\n\n\n<p>En la regi\u00f3n de Valles centrales 892\nmujeres han sido v\u00edctima de violencia de g\u00e9nero, seguido de las habitantes de\nla regi\u00f3n Mixteca, con 326 casos, Istmo registr\u00f3 259 casos,&nbsp; Cuenca con 216 casos y la Costa 211 casos.<\/p>\n\n\n\n<p>Pero la cifra real es mayor, pues\nConsorcio Oaxaca indic\u00f3 que ha detectado que en una gran cantidad las personas\nno realizan denuncias penales, primero por la falta de confianza en las\nautoridades, as\u00ed como el miedo a represalias por parte de los agresores.<\/p>\n","protected":false},"excerpt":{"rendered":"<p>Yuridiana Sosa\/Zona Roja. Oaxaca de Ju\u00e1rez, Oax., 2 de agosto de 2020.- En Oaxaca la&hellip;<\/p>\n","protected":false},"author":2,"featured_media":15752,"comment_status":"closed","ping_status":"open","sticky":false,"template":"","format":"standard","meta":{"_lmt_disableupdate":"","_lmt_disable":"","_jetpack_memberships_contains_paid_content":false,"footnotes":""},"categories":[109,51],"tags":[610],"class_list":["post-15751","post","type-post","status-publish","format-standard","has-post-thumbnail","hentry","category-minuto-a-minuto","category-zona-roja","tag-feminicidios-oaxaca"],"jetpack_featured_media_url":"https:\/\/zonaroja.com.mx\/wp-content\/uploads\/2020\/08\/Feminicidios-Oaxaca-3.jpg","jetpack_sharing_enabled":true,"_links":{"self":[{"href":"https:\/\/zonaroja.com.mx\/index.php?rest_route=\/wp\/v2\/posts\/15751","targetHints":{"allow":["GET"]}}],"collection":[{"href":"https:\/\/zonaroja.com.mx\/index.php?rest_route=\/wp\/v2\/posts"}],"about":[{"href":"https:\/\/zonaroja.com.mx\/index.php?rest_route=\/wp\/v2\/types\/post"}],"author":[{"embeddable":true,"href":"https:\/\/zonaroja.com.mx\/index.php?rest_route=\/wp\/v2\/users\/2"}],"replies":[{"embeddable":true,"href":"https:\/\/zonaroja.com.mx\/index.php?rest_route=%2Fwp%2Fv2%2Fcomments&post=15751"}],"version-history":[{"count":1,"href":"https:\/\/zonaroja.com.mx\/index.php?rest_route=\/wp\/v2\/posts\/15751\/revisions"}],"predecessor-version":[{"id":15753,"href":"https:\/\/zonaroja.com.mx\/index.php?rest_route=\/wp\/v2\/posts\/15751\/revisions\/15753"}],"wp:featuredmedia":[{"embeddable":true,"href":"https:\/\/zonaroja.com.mx\/index.php?rest_route=\/wp\/v2\/media\/15752"}],"wp:attachment":[{"href":"https:\/\/zonaroja.com.mx\/index.php?rest_route=%2Fwp%2Fv2%2Fmedia&parent=15751"}],"wp:term":[{"taxonomy":"category","embeddable":true,"href":"https:\/\/zonaroja.com.mx\/index.php?rest_route=%2Fwp%2Fv2%2Fcategories&post=15751"},{"taxonomy":"post_tag","embeddable":true,"href":"https:\/\/zonaroja.com.mx\/index.php?rest_route=%2Fwp%2Fv2%2Ftags&post=15751"}],"curies":[{"name":"wp","href":"https:\/\/api.w.org\/{rel}","templated":true}]}}