{"id":15754,"date":"2020-08-02T11:08:12","date_gmt":"2020-08-02T16:08:12","guid":{"rendered":"http:\/\/www.zonaroja.com.mx\/?p=15754"},"modified":"2020-08-02T11:21:04","modified_gmt":"2020-08-02T16:21:04","slug":"siguen-retenidos-pobladores-de-san-martin-peras-entre-ellos-dos-menores","status":"publish","type":"post","link":"https:\/\/zonaroja.com.mx\/?p=15754","title":{"rendered":"Siguen retenidos pobladores de San Mart\u00edn Peras, entre ellos dos menores"},"content":{"rendered":"\n<p>Redacci\u00f3n\/Zona Roja.<\/p>\n\n\n\n<p>Oaxaca de Ju\u00e1rez, Oax., 2 de agosto de 2020.- Doce personas de San Mart\u00edn Peras, entre ellas dos menores de edad, iniciaron su cuarto d\u00eda de retenci\u00f3n, presuntamente en Santos Reyes Zochiquilazala, sin que la autoridad municipal de Santiago Juxtlahuaca y estatal intervengan; presuntamente habr\u00eda dos muertos.<\/p>\n\n\n\n<p>J. A. O. G., de 13 a\u00f1os de edad, y E.\nO. G., de 16 a\u00f1os, son los adolescentes que forman parte de los retenidos de\nmanera ilegal desde el pasado jueves por la tarde, entre quienes se encuentran\ntambi\u00e9n seis polic\u00edas.<\/p>\n\n\n\n<p>El Frente Resistencia Ind\u00edgena de\nJuxtlahuaca acus\u00f3 en un comunicado que el padre de los menores se acerc\u00f3 a la\nrepresentaci\u00f3n de la Fiscal\u00eda General del Estado en Juxtlahuaca; sin embargo, el\nfiscal Nicol\u00e1s Salas Cobo se ha negado a recibir la denuncia.<\/p>\n\n\n\n<p>As\u00ed tambi\u00e9n, hay nulo apoyo del\ndefensor regional de la Defensor\u00eda de los Derechos Humanos del Pueblo de\nOaxaca, Raymundo Israel Ram\u00edrez Garc\u00eda, mientras que el edil Nicol\u00e1s Feria\nRomero ha brillado por su ausencia.<\/p>\n\n\n\n<p>Por ello, los pobladores de San Mart\u00edn Peras llegaron ayer por la tarde a Juxtlahuaca, para exigir la intervenci\u00f3n inmediata de las autoridades estatales y municipales. <\/p>\n\n\n\n<p>Fue hasta anoche y en el transcurso de la madrugada en que los inconformes y las autoridades de Zochiquilazala fueron atendidos, pero por el padre del presidente municipal, Enrique Feria y no por las autoridades formales. Todo ello en medio de un clima de tensi\u00f3n, disparos de armas de fuego y retenci\u00f3n de al menos dos elementos de la Agencia Estatal de Investigaciones.<\/p>\n","protected":false},"excerpt":{"rendered":"<p>Redacci\u00f3n\/Zona Roja. Oaxaca de Ju\u00e1rez, Oax., 2 de agosto de 2020.- Doce personas de San&hellip;<\/p>\n","protected":false},"author":2,"featured_media":15755,"comment_status":"closed","ping_status":"open","sticky":false,"template":"","format":"standard","meta":{"_lmt_disableupdate":"","_lmt_disable":"","_jetpack_memberships_contains_paid_content":false,"footnotes":""},"categories":[109,47],"tags":[1872,826],"class_list":["post-15754","post","type-post","status-publish","format-standard","has-post-thumbnail","hentry","category-minuto-a-minuto","category-zona-gris","tag-san-martin-peras","tag-santiago-juxtlahuaca"],"jetpack_featured_media_url":"https:\/\/zonaroja.com.mx\/wp-content\/uploads\/2020\/08\/Retenidos-Juxtlahuaca.jpg","jetpack_sharing_enabled":true,"_links":{"self":[{"href":"https:\/\/zonaroja.com.mx\/index.php?rest_route=\/wp\/v2\/posts\/15754","targetHints":{"allow":["GET"]}}],"collection":[{"href":"https:\/\/zonaroja.com.mx\/index.php?rest_route=\/wp\/v2\/posts"}],"about":[{"href":"https:\/\/zonaroja.com.mx\/index.php?rest_route=\/wp\/v2\/types\/post"}],"author":[{"embeddable":true,"href":"https:\/\/zonaroja.com.mx\/index.php?rest_route=\/wp\/v2\/users\/2"}],"replies":[{"embeddable":true,"href":"https:\/\/zonaroja.com.mx\/index.php?rest_route=%2Fwp%2Fv2%2Fcomments&post=15754"}],"version-history":[{"count":3,"href":"https:\/\/zonaroja.com.mx\/index.php?rest_route=\/wp\/v2\/posts\/15754\/revisions"}],"predecessor-version":[{"id":15759,"href":"https:\/\/zonaroja.com.mx\/index.php?rest_route=\/wp\/v2\/posts\/15754\/revisions\/15759"}],"wp:featuredmedia":[{"embeddable":true,"href":"https:\/\/zonaroja.com.mx\/index.php?rest_route=\/wp\/v2\/media\/15755"}],"wp:attachment":[{"href":"https:\/\/zonaroja.com.mx\/index.php?rest_route=%2Fwp%2Fv2%2Fmedia&parent=15754"}],"wp:term":[{"taxonomy":"category","embeddable":true,"href":"https:\/\/zonaroja.com.mx\/index.php?rest_route=%2Fwp%2Fv2%2Fcategories&post=15754"},{"taxonomy":"post_tag","embeddable":true,"href":"https:\/\/zonaroja.com.mx\/index.php?rest_route=%2Fwp%2Fv2%2Ftags&post=15754"}],"curies":[{"name":"wp","href":"https:\/\/api.w.org\/{rel}","templated":true}]}}