{"id":15763,"date":"2020-08-02T13:18:36","date_gmt":"2020-08-02T18:18:36","guid":{"rendered":"http:\/\/www.zonaroja.com.mx\/?p=15763"},"modified":"2020-08-02T13:18:40","modified_gmt":"2020-08-02T18:18:40","slug":"detencion-de-el-marro-favor-para-el-mencho","status":"publish","type":"post","link":"https:\/\/zonaroja.com.mx\/?p=15763","title":{"rendered":"Detenci\u00f3n de \u201cEl Marro\u201d, \u00bffavor para \u201cEl Mencho\u201d?"},"content":{"rendered":"\n<p>Redacci\u00f3n\/Zona Roja Cdmx.<\/p>\n\n\n\n<p>Ciudad de M\u00e9xico, 2 de agosto de 2020.-\nTras la detenci\u00f3n de Jos\u00e9 Antonio Y\u00e9pez Ortiz, alias \u201cEl Marro\u201d junto con otras\npersonas m\u00e1s, comenzaron las especulaciones.<\/p>\n\n\n\n<p>El favorecido con esta acci\u00f3n policial\nde autoridades estatales y federales ser\u00eda Nemesio Oceguera, \u201cEl Mencho\u201d, l\u00edder\ndel C\u00e1rtel Jalisco Nueva Generaci\u00f3n, que tiene una fuerte rivalidad con el\nC\u00e1rtel de Santa Rosa de Lima, que encabezaba el hoy aprehendido, acusado adem\u00e1s\nde liderar el robo de combustible en el centro del pa\u00eds.<\/p>\n\n\n\n<p>Alfonso Durazo, secretario de Seguridad\ny Protecci\u00f3n Ciudadana del Gobierno de M\u00e9xico, inform\u00f3 que la detenci\u00f3n de Y\u00e9pez\nOrtiz, mejor conocido como \u201cEl Marro\u201c, fue encabezada por el Ej\u00e9rcito.<\/p>\n\n\n\n<p>Confirm\u00f3 lo informado por el gobernador\nde Guanajuato, Diego Sinhue Rodr\u00edguez, quien indic\u00f3 que el presunto l\u00edder del\nC\u00e1rtel de Santa Rosa de Lima, uno de los hombres m\u00e1s buscados en el actual\nsexenio, fue detenido en un operativo conjunto la madrugada de hoy en esa\nentidad del pa\u00eds.<\/p>\n\n\n\n<p>\u201cEl Marro\u201d es identificado actualmente como enemigo n\u00famero uno de Nemesio Oseguera, \u201cEl Mencho\u201c, l\u00edder del C\u00e1rtel Jalisco Nueva Generaci\u00f3n.<\/p>\n\n\n\n<figure class=\"wp-block-embed-twitter wp-block-embed is-type-rich is-provider-twitter\"><div class=\"wp-block-embed__wrapper\">\n<div class=\"twitter-tweet\"><blockquote class=\"twitter-tweet\" data-lang=\"es\"><p lang=\"es\" dir=\"ltr\">Hoy en la madrugada, en una acci\u00f3n encabezada por el Ej\u00e9rcito Mexicano y apoyada por la <a href=\"https:\/\/twitter.com\/FGEGUANAJUATO?ref_src=twsrc%5Etfw\">@FGEGUANAJUATO<\/a>, fue detenido Jos\u00e9 Antonio \u201cN\u201d, tambi\u00e9n conocido como \u201cEl Marro\u201d. En este momento se encuentra a disposici\u00f3n de la autoridad judicial local. 1\/3<\/p>&mdash; Alfonso Durazo (@AlfonsoDurazo) <a href=\"https:\/\/twitter.com\/AlfonsoDurazo\/status\/1289907124303048705?ref_src=twsrc%5Etfw\">2 de agosto de 2020<\/a><\/blockquote><\/div>\n<\/div><\/figure>\n\n\n\n<p>Y\u00e9pez Ortiz difundi\u00f3 videos en redes\nsociales en donde ret\u00f3 a las fuerzas del orden a enfrentarse y dejar en claro\nque no tiene miedo.<\/p>\n\n\n\n<p>Aunque en una parte de las grabaciones,\n\u201cEl Marro\u201d est\u00e1 al borde del llanto luego de pedir apoyo y decir a sus allegados\nque no dejen solo.<\/p>\n\n\n\n<p>Al presunto delincuente se le relaciona\nprincipalmente con el delito de \u201chuachicol\u201d en la regi\u00f3n de Guanajuato.<\/p>\n\n\n\n<p>Desde el 2017, Jos\u00e9 Antonio Y\u00e9pez\napareci\u00f3, luego de difundir un video donde amenazaba al Jalisco Nueva\nGeneraci\u00f3n.<\/p>\n\n\n\n<p>Se sabe que en el 2008 fue detenido por\ndelincuencia organizada, pero sali\u00f3 de prisi\u00f3n al pagar una fianza y en el 2014\nfund\u00f3 el C\u00e1rtel de Santa Rosa de Lima con los hermanos Lara Belman: Fabi\u00e1n \u201cLa\nVieja\u201d, Luis \u00c1ngel \u201cEl Tortugo\u201d y No\u00e9, \u201cEl Puma\u201d.<\/p>\n\n\n\n<p>Esa organizaci\u00f3n delictiva opera en el\nllamado tri\u00e1ngulo del \u201chuachicol\u201d por donde pasan los ductos de Petr\u00f3leos Mexicanos\n(Pemex) en Apaseo El Grande, Le\u00f3n, Salamanca, Irapuato y Celaya.<\/p>\n\n\n\n<p>El domingo 2 de agosto fue detenido Jos\u00e9 Antonio Y\u00e9pez Ortiz mejor conocido como \u201cEl Marro\u201d, junto con al menos otras nueve personas y fue rescatada adem\u00e1s una v\u00edctima secuestrada. Fue trasladado v\u00eda a\u00e9rea al penal del Altiplano, Estado de M\u00e9xico.<\/p>\n","protected":false},"excerpt":{"rendered":"<p>Redacci\u00f3n\/Zona Roja Cdmx. Ciudad de M\u00e9xico, 2 de agosto de 2020.- Tras la detenci\u00f3n de&hellip;<\/p>\n","protected":false},"author":2,"featured_media":15764,"comment_status":"closed","ping_status":"open","sticky":false,"template":"","format":"standard","meta":{"_lmt_disableupdate":"","_lmt_disable":"","_jetpack_memberships_contains_paid_content":false,"footnotes":""},"categories":[109,47],"tags":[1780],"class_list":["post-15763","post","type-post","status-publish","format-standard","has-post-thumbnail","hentry","category-minuto-a-minuto","category-zona-gris","tag-jose-antonio-yepez-el-marro"],"jetpack_featured_media_url":"https:\/\/zonaroja.com.mx\/wp-content\/uploads\/2020\/08\/Jos\u00e9-Antonio-Y\u00e9pez-El-Marro.jpg","jetpack_sharing_enabled":true,"_links":{"self":[{"href":"https:\/\/zonaroja.com.mx\/index.php?rest_route=\/wp\/v2\/posts\/15763","targetHints":{"allow":["GET"]}}],"collection":[{"href":"https:\/\/zonaroja.com.mx\/index.php?rest_route=\/wp\/v2\/posts"}],"about":[{"href":"https:\/\/zonaroja.com.mx\/index.php?rest_route=\/wp\/v2\/types\/post"}],"author":[{"embeddable":true,"href":"https:\/\/zonaroja.com.mx\/index.php?rest_route=\/wp\/v2\/users\/2"}],"replies":[{"embeddable":true,"href":"https:\/\/zonaroja.com.mx\/index.php?rest_route=%2Fwp%2Fv2%2Fcomments&post=15763"}],"version-history":[{"count":1,"href":"https:\/\/zonaroja.com.mx\/index.php?rest_route=\/wp\/v2\/posts\/15763\/revisions"}],"predecessor-version":[{"id":15765,"href":"https:\/\/zonaroja.com.mx\/index.php?rest_route=\/wp\/v2\/posts\/15763\/revisions\/15765"}],"wp:featuredmedia":[{"embeddable":true,"href":"https:\/\/zonaroja.com.mx\/index.php?rest_route=\/wp\/v2\/media\/15764"}],"wp:attachment":[{"href":"https:\/\/zonaroja.com.mx\/index.php?rest_route=%2Fwp%2Fv2%2Fmedia&parent=15763"}],"wp:term":[{"taxonomy":"category","embeddable":true,"href":"https:\/\/zonaroja.com.mx\/index.php?rest_route=%2Fwp%2Fv2%2Fcategories&post=15763"},{"taxonomy":"post_tag","embeddable":true,"href":"https:\/\/zonaroja.com.mx\/index.php?rest_route=%2Fwp%2Fv2%2Ftags&post=15763"}],"curies":[{"name":"wp","href":"https:\/\/api.w.org\/{rel}","templated":true}]}}