{"id":15769,"date":"2020-08-02T13:45:44","date_gmt":"2020-08-02T18:45:44","guid":{"rendered":"http:\/\/www.zonaroja.com.mx\/?p=15769"},"modified":"2020-08-02T13:45:49","modified_gmt":"2020-08-02T18:45:49","slug":"piden-alto-a-impunidad-y-dotacion-de-servicios-basicos-en-colonia-de-xoxocotlan","status":"publish","type":"post","link":"https:\/\/zonaroja.com.mx\/?p=15769","title":{"rendered":"Piden alto a impunidad y dotaci\u00f3n de servicios b\u00e1sicos en colonia de Xoxocotl\u00e1n"},"content":{"rendered":"\n<p>Evlin Arag\u00f3n\/Zona Roja.<\/p>\n\n\n\n<p>Oaxaca de Ju\u00e1rez, Oax., 2 de agosto de\n2020.- \u201cQueremos di\u00e1logo democr\u00e1tico. Lic. Alejandro L\u00f3pez Jarqu\u00edn cumpla su\npromesa. No tenemos luz\u201d.<\/p>\n\n\n\n<p>Esas son las demandas de una familia\nque habita en la colonia Vista del Valle, en inmediaciones del municipio de\nSanta Cruz Xoxocotl\u00e1n, en donde los a\u00f1os han pasado sin que las autoridades\ncumplan su compromiso de dotar a la poblaci\u00f3n de los servicios b\u00e1sicos. <\/p>\n\n\n\n<p>As\u00ed lo expone a trav\u00e9s de las redes\nsociales la joven Adriana Kupijy Vargas Huitr\u00f3n, quien relat\u00f3 que hace a\u00f1os su\nfamilia compr\u00f3 un terreno para vivir a las afueras de la ciudad de Oaxaca, el\ncual desde un inicio carec\u00eda de luz el\u00e9ctrica por lo que su hermana y ella\ntuvieron que aprender a realizar sus actividades escolares con la escasa\niluminaci\u00f3n de una vela. <\/p>\n\n\n\n<p>\u201cDesde que \u00edbamos en la primaria mi\nhermana y yo aprendimos a hacer tarea con la luz de la vela y apurarnos antes\nde que se acabar\u00e1 (&#8230;) Antes de que la luz del sol se fuera\u201d, refiere la joven\noaxaque\u00f1a de origen Ayuuk.&nbsp; <\/p>\n\n\n\n<p>Por lo anterior y de acuerdo con el testimonio, quienes habitan en la colonia, perteneciente a la agencia de Arrazola, formaron una asamblea que ten\u00eda como principal objetivo conseguir la electrificaci\u00f3n.<\/p>\n\n\n\n<figure class=\"wp-block-image\"><img decoding=\"async\" width=\"320\" height=\"213\" src=\"http:\/\/www.zonaroja.com.mx\/wp-content\/uploads\/2020\/08\/Colonos-Xoxocotl\u00e1n-2.png\" alt=\"\" class=\"wp-image-15771\" srcset=\"https:\/\/zonaroja.com.mx\/wp-content\/uploads\/2020\/08\/Colonos-Xoxocotl\u00e1n-2.png 320w, https:\/\/zonaroja.com.mx\/wp-content\/uploads\/2020\/08\/Colonos-Xoxocotl\u00e1n-2-300x200.png 300w, https:\/\/zonaroja.com.mx\/wp-content\/uploads\/2020\/08\/Colonos-Xoxocotl\u00e1n-2-263x175.png 263w\" sizes=\"(max-width: 320px) 100vw, 320px\" \/><\/figure>\n\n\n\n<p>Sin embargo, el representante de \u00e9sta\ncomenz\u00f3 una carrera partidista prometiendo atenci\u00f3n a la problem\u00e1tica y\ndesviando recursos.&nbsp;&nbsp; <\/p>\n\n\n\n<p>La tambi\u00e9n galardonada con el Premio\nEstatal de la Juventud 2019, en la categor\u00eda de Labor Social, dio a conocer que\nse hizo un cobro a las y los vecinos de la colonia de 20 mil pesos para llevar\nun pote de luz a su casa, a sabiendas que estos servicios son p\u00fablicos y\nconstituyen un derecho humano, por lo cual solicitaron la intervenci\u00f3n de la\nautoridad municipal. <\/p>\n\n\n\n<p>Al respecto Vargas Huitr\u00f3n asegur\u00f3 que,\nen campa\u00f1a, el actual edil de Santa Cruz Xoxocotl\u00e1n, Alejandro L\u00f3pez Jarqu\u00edn,\nprometi\u00f3 la electrificaci\u00f3n y construcci\u00f3n de un puente peatonal ya que para\nentrar a la colonia se tiene que atravesar un r\u00edo que en tiempo de lluvia se\nvuelve un peligro de atravesar para las y los vecinos que no pueden incluso\nllegar a su casa.&nbsp; <\/p>\n\n\n\n<p>Por lo anterior, ella y su familia\nsolicitan un di\u00e1logo respetuoso con la autoridad municipal a quien le exigen\nque cumpla lo prometido y ponga un alto a la impunidad que se vive en la zona,\nya que no es justo que se cobre a las familias por un servicio que es\nresponsabilidad del Estado garantizar. <\/p>\n\n\n\n<p>\u201cEstamos exigiendo algo que nos\ncorresponde como ciudadanos y como seres humanos y estamos denunciando la\nimpunidad donde los mayores afectado son personas de las tercera edad y ni\u00f1os\u201d,\nsentenci\u00f3 la joven.&nbsp; <\/p>\n","protected":false},"excerpt":{"rendered":"<p>Evlin Arag\u00f3n\/Zona Roja. Oaxaca de Ju\u00e1rez, Oax., 2 de agosto de 2020.- \u201cQueremos di\u00e1logo democr\u00e1tico.&hellip;<\/p>\n","protected":false},"author":2,"featured_media":15770,"comment_status":"closed","ping_status":"open","sticky":false,"template":"","format":"standard","meta":{"_lmt_disableupdate":"","_lmt_disable":"","_jetpack_memberships_contains_paid_content":false,"footnotes":""},"categories":[109,47],"tags":[1318,133],"class_list":["post-15769","post","type-post","status-publish","format-standard","has-post-thumbnail","hentry","category-minuto-a-minuto","category-zona-gris","tag-alejandro-lopez-jarquin","tag-santa-cruz-xoxocotlan"],"jetpack_featured_media_url":"https:\/\/zonaroja.com.mx\/wp-content\/uploads\/2020\/08\/Colonos-Xoxocotl\u00e1n-1.png","jetpack_sharing_enabled":true,"_links":{"self":[{"href":"https:\/\/zonaroja.com.mx\/index.php?rest_route=\/wp\/v2\/posts\/15769","targetHints":{"allow":["GET"]}}],"collection":[{"href":"https:\/\/zonaroja.com.mx\/index.php?rest_route=\/wp\/v2\/posts"}],"about":[{"href":"https:\/\/zonaroja.com.mx\/index.php?rest_route=\/wp\/v2\/types\/post"}],"author":[{"embeddable":true,"href":"https:\/\/zonaroja.com.mx\/index.php?rest_route=\/wp\/v2\/users\/2"}],"replies":[{"embeddable":true,"href":"https:\/\/zonaroja.com.mx\/index.php?rest_route=%2Fwp%2Fv2%2Fcomments&post=15769"}],"version-history":[{"count":1,"href":"https:\/\/zonaroja.com.mx\/index.php?rest_route=\/wp\/v2\/posts\/15769\/revisions"}],"predecessor-version":[{"id":15772,"href":"https:\/\/zonaroja.com.mx\/index.php?rest_route=\/wp\/v2\/posts\/15769\/revisions\/15772"}],"wp:featuredmedia":[{"embeddable":true,"href":"https:\/\/zonaroja.com.mx\/index.php?rest_route=\/wp\/v2\/media\/15770"}],"wp:attachment":[{"href":"https:\/\/zonaroja.com.mx\/index.php?rest_route=%2Fwp%2Fv2%2Fmedia&parent=15769"}],"wp:term":[{"taxonomy":"category","embeddable":true,"href":"https:\/\/zonaroja.com.mx\/index.php?rest_route=%2Fwp%2Fv2%2Fcategories&post=15769"},{"taxonomy":"post_tag","embeddable":true,"href":"https:\/\/zonaroja.com.mx\/index.php?rest_route=%2Fwp%2Fv2%2Ftags&post=15769"}],"curies":[{"name":"wp","href":"https:\/\/api.w.org\/{rel}","templated":true}]}}