{"id":15776,"date":"2020-08-02T19:31:11","date_gmt":"2020-08-03T00:31:11","guid":{"rendered":"http:\/\/www.zonaroja.com.mx\/?p=15776"},"modified":"2020-08-02T19:31:15","modified_gmt":"2020-08-03T00:31:15","slug":"gobierno-de-oaxaca-sin-plan-ni-infraestructura-para-atender-pandemia-en-comunidades","status":"publish","type":"post","link":"https:\/\/zonaroja.com.mx\/?p=15776","title":{"rendered":"Gobierno de Oaxaca, sin plan ni infraestructura para atender pandemia en comunidades"},"content":{"rendered":"\n<p>Redacci\u00f3n\/Zona Roja.<\/p>\n\n\n\n<p>Oaxaca de Ju\u00e1rez, Oax., 2 de agosto de\n2020.- Ante la deficiente infraestructura m\u00e9dica y nulos planes para atender la\ncontingencia causada por el nuevo coronavirus Covid-19, las comunidades ind\u00edgenas\nhan tenido que tomar sus propias determinaciones a fin de proteger a su\npoblaci\u00f3n de los contagios.<\/p>\n\n\n\n<p>Es el caso de Villa Talea de Castro, una\nde las comunidades zapotecas de la Sierra Norte del estado de Oaxaca que han\ntenido \u00e9xito en la contenci\u00f3n del contagio, a trav\u00e9s de diversas medidas como\nretenes o filtros sanitarios a la entrada de la poblaci\u00f3n,<\/p>\n\n\n\n<p>Adem\u00e1s, autoabasteciendo v\u00edveres a fin\nde evitar la salida de pobladores a surtirse en otras localidades o la ciudad\nde Oaxaca, y con el cultivo de hortalizas a nivel familiar.<\/p>\n\n\n\n<p>As\u00ed lo dieron a conocer participantes\ndel panel virtual \u201cExperiencias en prevenci\u00f3n y contenci\u00f3n de Covid-19 en\npueblos ind\u00edgenas de Oaxaca\u201d, organizado por el Centro Profesional Ind\u00edgena de\nAsesor\u00eda, Defensa y Traducci\u00f3n A.C. (Cepiadet).<\/p>\n\n\n\n<p>En este webinario participaron el tesorero\nMunicipal de Villa Talea de Castro, Ed\u00e9n Mart\u00ednez Santib\u00e1\u00f1ez; el presidente\nmunicipal de Villa D\u00edaz Ordaz, Alheiro Garc\u00eda Mart\u00ednez; la regidora de\nEducaci\u00f3n, Salud y Ecolog\u00eda de Guelatao de Ju\u00e1rez, Adelina Beteta Beteta; y en\ncalidad de moderadora Dal\u00ed \u00c1ngel P\u00e9rez, coordinadora de la Unidad de Juventud y\nMujer Ind\u00edgena del Fondo para el Desarrollo de los Pueblos Ind\u00edgenas de Am\u00e9rica\nLatina y el Caribe (FILAC).<\/p>\n\n\n\n<p>Desde mediados de marzo pasado, luego\nde haberse declarado la pandemia del nuevo coronavirus por parte de la\nOrganizaci\u00f3n Mundial de la Salud, comunidades ind\u00edgenas de la entidad\nestablecieron filtros de control de entrada y salida de pobladores y\nvisitantes, a fin de atajar la llegada del contagio.<\/p>\n\n\n\n<p>Autoridades municipales de Villa Talea\nde Castro en la Sierra Norte, libre de contagio hasta la fecha, establecieron\nretenes para controlar el ingreso de personas que viven fuera de la comunidad,\ny toque de queda de nueve de la noche a cinco de la ma\u00f1ana; adem\u00e1s, las mismas\nautoridades se encargaron de comprar v\u00edveres para distribuirlos al costo entre\nlas familias a fin de evitar su salida.<\/p>\n\n\n\n<p>El principal objetivo ha sido evitar el\ncontagio de la enfermedad, dado que el centro de salud de la comunidad no\ncuenta con la infraestructura necesaria para dar atenci\u00f3n a un posible paciente\ncon Covid-19.<\/p>\n\n\n\n<p>As\u00ed lo se\u00f1al\u00f3 su tesorero municipal,\nquien explic\u00f3 que no obstante, han adquirido mascarillas KN95, traje completo\nde protecci\u00f3n, y con el apoyo de personal m\u00e9dico han adaptado un tubo de\naislamiento a una camilla, para estar prevenidos en caso de que se presentara la\nnecesidad de trasladar a un paciente al hospital Covid m\u00e1s cercano.<\/p>\n\n\n\n<p>Adelina Beteta, por su parte, explic\u00f3\nque en Guelatao han tomado medidas similares a las de Talea, adem\u00e1s de reducir\nlos horarios de apertura y cierre de comercios, el cierre total de sitios\ntur\u00edsticos, el uso de obligatorio de cubrebocas y el reparto de plantas\ncomestibles y semillas a la comunidad para que produzcan hortalizas para su\npropio consumo.<\/p>\n\n\n\n<p>Tales medidas, dijo a su vez el\npresidente municipal de Villa D\u00edaz Ordaz, Alheiro Garc\u00eda Mart\u00ednez, han sido\ntomadas de buen agrado por la mayor\u00eda de la poblaci\u00f3n, pero tambi\u00e9n han\nexistido personas que se han inconformado, sobre todo cuando necesitan salir a\nrealizar alg\u00fan tr\u00e1mite o a una cita m\u00e9dica, lo cual ha generado estr\u00e9s al\ninterior de la comunidad.<\/p>\n\n\n\n<p>Las acciones y medidas implementadas en\nlas tres comunidades han funcionado de manera positiva, hasta ahora no se ha\ndetectado ning\u00fan caso de personas con Covid-19, as\u00ed como estas medidas\nimplementadas se est\u00e1n tomando en cuenta otros factores como violencia de\ng\u00e9nero que se presenten en las comunidades y que atienden las autoridades\ncomunitarias.<\/p>\n\n\n\n<p>Webinar completo: <a href=\"https:\/\/www.facebook.com\/Cepiadetpag\/videos\/3420616987971197\/\">https:\/\/www.facebook.com\/Cepiadetpag\/videos\/3420616987971197\/<\/a><\/p>\n","protected":false},"excerpt":{"rendered":"<p>Redacci\u00f3n\/Zona Roja. Oaxaca de Ju\u00e1rez, Oax., 2 de agosto de 2020.- Ante la deficiente infraestructura&hellip;<\/p>\n","protected":false},"author":2,"featured_media":15777,"comment_status":"closed","ping_status":"open","sticky":false,"template":"","format":"standard","meta":{"_lmt_disableupdate":"","_lmt_disable":"","_jetpack_memberships_contains_paid_content":false,"footnotes":""},"categories":[109,47],"tags":[1211],"class_list":["post-15776","post","type-post","status-publish","format-standard","has-post-thumbnail","hentry","category-minuto-a-minuto","category-zona-gris","tag-talea-de-castro"],"jetpack_featured_media_url":"https:\/\/zonaroja.com.mx\/wp-content\/uploads\/2020\/08\/Talea-de-Castro-Covid.jpeg","jetpack_sharing_enabled":true,"_links":{"self":[{"href":"https:\/\/zonaroja.com.mx\/index.php?rest_route=\/wp\/v2\/posts\/15776","targetHints":{"allow":["GET"]}}],"collection":[{"href":"https:\/\/zonaroja.com.mx\/index.php?rest_route=\/wp\/v2\/posts"}],"about":[{"href":"https:\/\/zonaroja.com.mx\/index.php?rest_route=\/wp\/v2\/types\/post"}],"author":[{"embeddable":true,"href":"https:\/\/zonaroja.com.mx\/index.php?rest_route=\/wp\/v2\/users\/2"}],"replies":[{"embeddable":true,"href":"https:\/\/zonaroja.com.mx\/index.php?rest_route=%2Fwp%2Fv2%2Fcomments&post=15776"}],"version-history":[{"count":1,"href":"https:\/\/zonaroja.com.mx\/index.php?rest_route=\/wp\/v2\/posts\/15776\/revisions"}],"predecessor-version":[{"id":15778,"href":"https:\/\/zonaroja.com.mx\/index.php?rest_route=\/wp\/v2\/posts\/15776\/revisions\/15778"}],"wp:featuredmedia":[{"embeddable":true,"href":"https:\/\/zonaroja.com.mx\/index.php?rest_route=\/wp\/v2\/media\/15777"}],"wp:attachment":[{"href":"https:\/\/zonaroja.com.mx\/index.php?rest_route=%2Fwp%2Fv2%2Fmedia&parent=15776"}],"wp:term":[{"taxonomy":"category","embeddable":true,"href":"https:\/\/zonaroja.com.mx\/index.php?rest_route=%2Fwp%2Fv2%2Fcategories&post=15776"},{"taxonomy":"post_tag","embeddable":true,"href":"https:\/\/zonaroja.com.mx\/index.php?rest_route=%2Fwp%2Fv2%2Ftags&post=15776"}],"curies":[{"name":"wp","href":"https:\/\/api.w.org\/{rel}","templated":true}]}}