{"id":15779,"date":"2020-08-02T19:57:54","date_gmt":"2020-08-03T00:57:54","guid":{"rendered":"http:\/\/www.zonaroja.com.mx\/?p=15779"},"modified":"2020-08-02T19:57:57","modified_gmt":"2020-08-03T00:57:57","slug":"por-pandemia-servicios-de-salud-de-oaxaca-reducen-presupuesto-operativo","status":"publish","type":"post","link":"https:\/\/zonaroja.com.mx\/?p=15779","title":{"rendered":"Por pandemia, Servicios de Salud de Oaxaca reducen presupuesto operativo"},"content":{"rendered":"\n<p>Redacci\u00f3n\/Estado 20.<\/p>\n\n\n\n<p>Oaxaca de Ju\u00e1rez, Oax., 2 de agosto de\n2020.- Los Servicios de Salud de Oaxaca (SSO) anunciaron la cancelaci\u00f3n del\notorgamiento de vi\u00e1ticos y servicios de traslado para todo el personal de la\ndependencia, como medida de \u201cahorro\u201d para continuar atendiendo la contingencia\npor Covid 19 que se vive en el estado.<\/p>\n\n\n\n<p>Por medio de una circular enviada a\nsubdirectores generales, coordinadores generales, directores de \u00e1reas, jefes\njurisdiccionales, jefes de unidad y administradores en general, la dependencia\ntambi\u00e9n notific\u00f3 la cancelaci\u00f3n de eventos c\u00edvicos, culturales y sociales\ndurante lo que resta del actual ejercicio fiscal.<\/p>\n\n\n\n<p>El documento se\u00f1ala que para adaptar el\npresupuesto autorizado a la atenci\u00f3n inmediata de acciones que permitan dar\ncontinuidad a las medidas de prevenci\u00f3n, cuidado y mitigaci\u00f3n de la pandemia, a\npartir del 1 de agosto no proceder\u00e1 el aplicar la partida Servicios de\nTrasladado y Vi\u00e1ticos.<\/p>\n\n\n\n<p>Por lo que, salvo con autorizaci\u00f3n del\ntitular de los SSO, Donato Casas Escamilla, quedar\u00e1 prohibida la emisi\u00f3n de\npartidas para pasajes a\u00e9reos, pasajes terrestres y vi\u00e1ticos.<\/p>\n\n\n\n<p>Asimismo, de acuerdo con la circular, a\npartir de ayer s\u00e1bado, el personal de car\u00e1cter transitorio ser\u00e1 objeto de\nrecortes en su sueldo base u honorarios asimilables a salarios, aunque se\nresalt\u00f3 que ser\u00e1n excluidos de tal medida los integrantes de las \u00e1reas m\u00e9dicas\ny param\u00e9dicas.<\/p>\n\n\n\n<p>Asimismo, el personal tendr\u00e1 la orden\nde disminuir en 50 por ciento el gasto en diversos rubros, como materiales,\n\u00fatiles y equipos menores de oficina; material para impresi\u00f3n y reproducci\u00f3n de\ncontenido; material de limpieza; alimentaci\u00f3n y servicio de comedor, as\u00ed como\nrefacciones y accesorios menores de equipo de c\u00f3mputo y tecnolog\u00edas de la\ninformaci\u00f3n.<\/p>\n\n\n\n<p>Adem\u00e1s, los Servicios de Salud ordenaron\na todos sus jefes reducir en 30 por ciento, gastos en combustibles, lubricantes\ny aditivos para veh\u00edculos de motor, energ\u00eda el\u00e9ctrica, gas, telefon\u00eda\ntradicional, telefon\u00eda m\u00f3vil, servicio de arrendamiento y servicios de\ncomunicaci\u00f3n social y publicidad.<\/p>\n\n\n\n<p>Todo ello con el objetivo de contener\nlos estragos econ\u00f3micos provocados por la pandemia de Covid 19.<\/p>\n","protected":false},"excerpt":{"rendered":"<p>Redacci\u00f3n\/Estado 20. Oaxaca de Ju\u00e1rez, Oax., 2 de agosto de 2020.- Los Servicios de Salud&hellip;<\/p>\n","protected":false},"author":2,"featured_media":9986,"comment_status":"closed","ping_status":"open","sticky":false,"template":"","format":"standard","meta":{"_lmt_disableupdate":"","_lmt_disable":"","_jetpack_memberships_contains_paid_content":false,"footnotes":""},"categories":[109,47],"tags":[1005],"class_list":["post-15779","post","type-post","status-publish","format-standard","has-post-thumbnail","hentry","category-minuto-a-minuto","category-zona-gris","tag-servicios-de-salud-de-oaxaca-sso"],"jetpack_featured_media_url":"https:\/\/zonaroja.com.mx\/wp-content\/uploads\/2020\/03\/Servicios-de-Salud-de-Oaxaca-2.png","jetpack_sharing_enabled":true,"_links":{"self":[{"href":"https:\/\/zonaroja.com.mx\/index.php?rest_route=\/wp\/v2\/posts\/15779","targetHints":{"allow":["GET"]}}],"collection":[{"href":"https:\/\/zonaroja.com.mx\/index.php?rest_route=\/wp\/v2\/posts"}],"about":[{"href":"https:\/\/zonaroja.com.mx\/index.php?rest_route=\/wp\/v2\/types\/post"}],"author":[{"embeddable":true,"href":"https:\/\/zonaroja.com.mx\/index.php?rest_route=\/wp\/v2\/users\/2"}],"replies":[{"embeddable":true,"href":"https:\/\/zonaroja.com.mx\/index.php?rest_route=%2Fwp%2Fv2%2Fcomments&post=15779"}],"version-history":[{"count":1,"href":"https:\/\/zonaroja.com.mx\/index.php?rest_route=\/wp\/v2\/posts\/15779\/revisions"}],"predecessor-version":[{"id":15780,"href":"https:\/\/zonaroja.com.mx\/index.php?rest_route=\/wp\/v2\/posts\/15779\/revisions\/15780"}],"wp:featuredmedia":[{"embeddable":true,"href":"https:\/\/zonaroja.com.mx\/index.php?rest_route=\/wp\/v2\/media\/9986"}],"wp:attachment":[{"href":"https:\/\/zonaroja.com.mx\/index.php?rest_route=%2Fwp%2Fv2%2Fmedia&parent=15779"}],"wp:term":[{"taxonomy":"category","embeddable":true,"href":"https:\/\/zonaroja.com.mx\/index.php?rest_route=%2Fwp%2Fv2%2Fcategories&post=15779"},{"taxonomy":"post_tag","embeddable":true,"href":"https:\/\/zonaroja.com.mx\/index.php?rest_route=%2Fwp%2Fv2%2Ftags&post=15779"}],"curies":[{"name":"wp","href":"https:\/\/api.w.org\/{rel}","templated":true}]}}