{"id":15781,"date":"2020-08-02T21:31:01","date_gmt":"2020-08-03T02:31:01","guid":{"rendered":"http:\/\/www.zonaroja.com.mx\/?p=15781"},"modified":"2020-08-02T21:31:05","modified_gmt":"2020-08-03T02:31:05","slug":"vuelve-oaxaca-al-semaforo-naranja-por-covid-hoy-un-deceso-y-63-positivos","status":"publish","type":"post","link":"https:\/\/zonaroja.com.mx\/?p=15781","title":{"rendered":"Vuelve Oaxaca al sem\u00e1foro naranja por Covid; hoy un deceso y 63 positivos"},"content":{"rendered":"\n<p>Redacci\u00f3n\/Zona Roja.<\/p>\n\n\n\n<p>Oaxaca de Ju\u00e1rez, Oax. 2 de agosto de\n2020.- El estado de Oaxaca cerr\u00f3 la segunda y \u00faltima semana del sem\u00e1foro\nepidemiol\u00f3gico rojo, con un deceso y 63 casos positivos ocurridos en las\n\u00faltimas 24 horas.<\/p>\n\n\n\n<p>En tanto, en su mensaje dominical a\ntrav\u00e9s de la Corporaci\u00f3n Oaxaque\u00f1a de Radio y Televisi\u00f3n (CORTV), el gobernador\nAlejandro Murat lanz\u00f3 un reto a la poblaci\u00f3n de usar de manera permanente el\ncubrebocas, por un lapso de 40 d\u00edas, a fin de disminuir los contagios.<\/p>\n\n\n\n<p>En un comunicado, el titular de los\nServicios de Salud de Oaxaca (SSO), Donato Casas Escamilla, inform\u00f3 que al\ncorte epidemiol\u00f3gico de este 2 de agosto se han contabilizado 63 casos nuevos,\nque suman 10 mil 736 casos confirmados acumulados a Covid-19 en todo el estado.<\/p>\n\n\n\n<p>A\u00f1adi\u00f3 que se han notificado 16 mil 162\ncasos de los cuales cuatro mil 517 han sido negativos, 909 son sospechosos en\nespera de resultados por laboratorio, 9 mil 140 personas se han recuperado, y\nel d\u00eda de hoy se registra una defunci\u00f3n que suman 969. Hay 627 casos activos.<\/p>\n\n\n\n<p>Se\u00f1al\u00f3 que la Jurisdicci\u00f3n Sanitaria n\u00famero uno Valles Centrales, registra 7 mil 030 casos y 476 defunciones, Tuxtepec mil 448 y 214 fallecimientos, Istmo mil 060 y 150 defunciones, Mixteca 608 y 58 fallecimientos, Costa 413 y 42 defunciones y la Sierra con 177 y 29 fallecimientos.<\/p>\n\n\n\n<figure class=\"wp-block-embed-twitter wp-block-embed is-type-rich is-provider-twitter\"><div class=\"wp-block-embed__wrapper\">\n<div class=\"twitter-tweet\"><blockquote class=\"twitter-tweet\" data-lang=\"es\"><p lang=\"es\" dir=\"ltr\">Hoy en <a href=\"https:\/\/twitter.com\/hashtag\/Oaxaca?src=hash&amp;ref_src=twsrc%5Etfw\">#Oaxaca<\/a> registramos 63 casos positivos nuevos, distribuidos en 24 municipios.<br>\u00danete al <a href=\"https:\/\/twitter.com\/hashtag\/Reto40xOax?src=hash&amp;ref_src=twsrc%5Etfw\">#Reto40xOax<\/a>, utiliza <a href=\"https:\/\/twitter.com\/hashtag\/Cubrebocas?src=hash&amp;ref_src=twsrc%5Etfw\">#Cubrebocas<\/a>, recuerda que debe taparte nariz, boca y ment\u00f3n.<a href=\"https:\/\/twitter.com\/hashtag\/EligeLaVida?src=hash&amp;ref_src=twsrc%5Etfw\">#EligeLaVida<\/a> <a href=\"https:\/\/t.co\/iWXIBZJMR4\">pic.twitter.com\/iWXIBZJMR4<\/a><\/p>&mdash; Servicios de Salud (@SSO_GobOax) <a href=\"https:\/\/twitter.com\/SSO_GobOax\/status\/1290091024656683009?ref_src=twsrc%5Etfw\">3 de agosto de 2020<\/a><\/blockquote><\/div>\n<\/div><\/figure>\n\n\n\n<p>Casas Escamilla dijo que los 63 casos\nnuevos, se registran en 24 municipios de la entidad, siendo los que mayor\nn\u00famero de casos presentan el de Oaxaca de Ju\u00e1rez con 22, San Sebasti\u00e1n Tutla\ncon seis, Santa Luc\u00eda del Camino y Salina Cruz cuatro cada uno, Santa Cruz\nXoxocotl\u00e1n, Villa de Zaachila y Ejutla de Crespo tres cada uno, el resto dos y\nuno.<\/p>\n\n\n\n<p>De los 627 casos activos, la\nJurisdicci\u00f3n Sanitaria n\u00famero uno Valles Centrales registra 427 casos, seguido\ndel Istmo con 62, Mixteca 54, Tuxtepec 47, Costa 30 y la Sierra siete.<\/p>\n\n\n\n<p>Expuso que en caso de presentar\ns\u00edntomas relacionadas a COVID-19, como fiebre, tos seca, dolor de garganta,\ncansancio, dolor de cabeza, p\u00e9rdida de olfato o gusto, deben llamar a los\nn\u00fameros telef\u00f3nicos: 800 770 8437, 951 516 8242, 951 516 1220 y 951 297 5741.<\/p>\n\n\n\n<p>Finalmente, el funcionario dijo que el\nConsejo de Salubridad federal ha informado que Oaxaca regresa al sem\u00e1foro\nnaranja; ante ello y con la convocatoria emitida por el gobernador Alejandro\nMurat Hinojosa de \u201cSumarse al reto de 40 d\u00edas por Oaxaca\u201d, en la que todas y\ntodos usemos el cubrebocas, de manera responsable y con seriedad, nos ayudar\u00e1 a\ndisminuir los contagios.<\/p>\n\n\n\n<p>Adem\u00e1s de continuar con la\nimplementaci\u00f3n de la sana distancia, lavado de manos frecuentemente con agua y\njab\u00f3n y proteger a los grupos vulnerables como personas mayores de 60 a\u00f1os o\ncon enfermedades cr\u00f3nica degenerativas, mujeres embarazadas y menores de edad y\nsi es posible quedarse en casa.<\/p>\n\n\n\n<p>RETO GUBERNAMENTAL<\/p>\n\n\n\n<figure class=\"wp-block-embed-twitter wp-block-embed is-type-rich is-provider-twitter\"><div class=\"wp-block-embed__wrapper\">\n<div class=\"twitter-tweet\"><blockquote class=\"twitter-tweet\" data-lang=\"es\"><p lang=\"es\" dir=\"ltr\"><a href=\"https:\/\/twitter.com\/hashtag\/%C3%9AltimaHora?src=hash&amp;ref_src=twsrc%5Etfw\">#\u00daltimaHora<\/a><br>El gobernador de <a href=\"https:\/\/twitter.com\/hashtag\/Oaxaca?src=hash&amp;ref_src=twsrc%5Etfw\">#Oaxaca<\/a>, <a href=\"https:\/\/twitter.com\/alejandromurat?ref_src=twsrc%5Etfw\">@alejandromurat<\/a>, anuncia formalmente el reinicio en la entidad del sem\u00e1foro epidemiol\u00f3gico color naranja; ahora lanza un reto: durante 40 d\u00edas utilizar de manera permanente el cubrebocas, a fin de disminuir los contagios por Covid-19. <a href=\"https:\/\/t.co\/Jp7Fc0ranl\">pic.twitter.com\/Jp7Fc0ranl<\/a><\/p>&mdash; Zona Roja Oaxaca (@MexRoja) <a href=\"https:\/\/twitter.com\/MexRoja\/status\/1290079776904867840?ref_src=twsrc%5Etfw\">3 de agosto de 2020<\/a><\/blockquote><\/div>\n<\/div><\/figure>\n\n\n\n<p>El un comunicado, el gobierno estatal reconoci\u00f3\na las regiones del Istmo de Tehuantepec y de la Cuenca del Papaloapan la\ndisciplina con que han enfrentado al Covid-19 para reducir el n\u00famero de\ncontagios<\/p>\n\n\n\n<p>El gobernador Alejandro Murat Hinojosa\ndio a conocer que, de acuerdo con el Consejo de Salubridad Federal, Oaxaca\nregresa a sem\u00e1foro naranja, lo que indica una evoluci\u00f3n estable de la pandemia\nen el estado.<\/p>\n\n\n\n<p>En un mensaje, reconoci\u00f3 a las regiones\ndel Istmo de Tehuantepec y de la Cuenca del Papaloapan la responsabilidad y\ndisciplina con la que han enfrentado al Covid-19 para reducir el n\u00famero de\ncontagios, y con ello poder avanzar del color rojo a naranja en el sem\u00e1foro de\nriesgo epidemiol\u00f3gico establecido por las autoridades sanitarias del Gobierno\nFederal.<\/p>\n\n\n\n<p>Cabe destacar que el pasado 26 de\njulio, el Gobierno de Oaxaca convoc\u00f3 a los habitantes de ambas regiones a un\naislamiento total y voluntario, luego de que se diera a conocer por las\nautoridades federales un incremento considerable en los contagios y defunciones\na causa de este virus.<\/p>\n\n\n\n<p>Asimismo, el mandatario lanz\u00f3 el reto\n\u201c40 d\u00edas por Oaxaca\u00bb, para que todas y todos los oaxaque\u00f1os usemos\ncubrebocas de manera correcta y permanente en espacios p\u00fablicos y al\ninteractuar con otras personas, adem\u00e1s de seguir ejerciendo las medidas de\nhigiene y prevenci\u00f3n como el lavado frecuente de manos, el distanciamiento social\ny, de ser posible, quedarse en casa.<\/p>\n\n\n\n<p>\u201cEstoy seguro que si lo tomamos con la\nseriedad de que lo que est\u00e1 en juego es nuestra vida y la de nuestros seres\nqueridos, pronto recuperaremos la normalidad que estoy convencido todas las\noaxaque\u00f1as y oaxaque\u00f1os queremos\u201d, finaliz\u00f3.<\/p>\n\n\n\n<p>El color naranja en el sem\u00e1foro\nepidemiol\u00f3gico permite, adem\u00e1s de las actividades econ\u00f3micas esenciales, que\nlas empresas con actividades no esenciales trabajen con el 30% del personal\npara su funcionamiento, adem\u00e1s la ocupaci\u00f3n hotelera podr\u00e1 ser del 50% y los\nrestaurantes podr\u00e1n dar servicio a la mitad de su capacidad con medidas de sana\ndistancia, entre otras actividades.<\/p>\n","protected":false},"excerpt":{"rendered":"<p>Redacci\u00f3n\/Zona Roja. Oaxaca de Ju\u00e1rez, Oax. 2 de agosto de 2020.- El estado de Oaxaca&hellip;<\/p>\n","protected":false},"author":2,"featured_media":15782,"comment_status":"closed","ping_status":"open","sticky":false,"template":"","format":"standard","meta":{"_lmt_disableupdate":"","_lmt_disable":"","_jetpack_memberships_contains_paid_content":false,"footnotes":""},"categories":[109,47],"tags":[1512],"class_list":["post-15781","post","type-post","status-publish","format-standard","has-post-thumbnail","hentry","category-minuto-a-minuto","category-zona-gris","tag-coronavirus-oaxaca"],"jetpack_featured_media_url":"https:\/\/zonaroja.com.mx\/wp-content\/uploads\/2020\/08\/GR\u00c1FICA-01.jpg","jetpack_sharing_enabled":true,"_links":{"self":[{"href":"https:\/\/zonaroja.com.mx\/index.php?rest_route=\/wp\/v2\/posts\/15781","targetHints":{"allow":["GET"]}}],"collection":[{"href":"https:\/\/zonaroja.com.mx\/index.php?rest_route=\/wp\/v2\/posts"}],"about":[{"href":"https:\/\/zonaroja.com.mx\/index.php?rest_route=\/wp\/v2\/types\/post"}],"author":[{"embeddable":true,"href":"https:\/\/zonaroja.com.mx\/index.php?rest_route=\/wp\/v2\/users\/2"}],"replies":[{"embeddable":true,"href":"https:\/\/zonaroja.com.mx\/index.php?rest_route=%2Fwp%2Fv2%2Fcomments&post=15781"}],"version-history":[{"count":1,"href":"https:\/\/zonaroja.com.mx\/index.php?rest_route=\/wp\/v2\/posts\/15781\/revisions"}],"predecessor-version":[{"id":15783,"href":"https:\/\/zonaroja.com.mx\/index.php?rest_route=\/wp\/v2\/posts\/15781\/revisions\/15783"}],"wp:featuredmedia":[{"embeddable":true,"href":"https:\/\/zonaroja.com.mx\/index.php?rest_route=\/wp\/v2\/media\/15782"}],"wp:attachment":[{"href":"https:\/\/zonaroja.com.mx\/index.php?rest_route=%2Fwp%2Fv2%2Fmedia&parent=15781"}],"wp:term":[{"taxonomy":"category","embeddable":true,"href":"https:\/\/zonaroja.com.mx\/index.php?rest_route=%2Fwp%2Fv2%2Fcategories&post=15781"},{"taxonomy":"post_tag","embeddable":true,"href":"https:\/\/zonaroja.com.mx\/index.php?rest_route=%2Fwp%2Fv2%2Ftags&post=15781"}],"curies":[{"name":"wp","href":"https:\/\/api.w.org\/{rel}","templated":true}]}}