{"id":15784,"date":"2020-08-03T08:00:09","date_gmt":"2020-08-03T13:00:09","guid":{"rendered":"http:\/\/www.zonaroja.com.mx\/?p=15784"},"modified":"2020-08-02T21:38:49","modified_gmt":"2020-08-03T02:38:49","slug":"saldo-de-dos-semanas-en-semaforo-rojo-casi-2000-casos-y-139-muertes","status":"publish","type":"post","link":"https:\/\/zonaroja.com.mx\/?p=15784","title":{"rendered":"Saldo de dos semanas en sem\u00e1foro rojo: casi 2,000 casos y 139 muertes"},"content":{"rendered":"\n<p>Yuridina Sosa\/Zona Roja.<\/p>\n\n\n\n<p>Oaxaca de Ju\u00e1rez, Oax., 3 de agosto de\n2020.- A pesar que Oaxaca registr\u00f3 en su \u00faltima semana de sem\u00e1foro rojo hasta\n179 nuevos casos al d\u00eda y hasta 31 defunciones por Covid-19, este lunes se\ncomienza por segunda ocasi\u00f3n la fase epidemiol\u00f3gica de sem\u00e1foro naranja, con un\nacumulado de 10 mil 736 y 969 muertes.<\/p>\n\n\n\n<p>Datos de la Secretar\u00eda de Salud demostraron\nque en el transcurso de dos semanas en sem\u00e1foro rojo &#8211;del 20 de julio al 2 de\nagosto&#8211;, se registr\u00f3 un total de mil 944 nuevos casos y 139 defunciones. Esta\netapa comenz\u00f3 con ocho mil 792 contagios y 830 decesos.<\/p>\n\n\n\n<p>El pasado 23 de julio fue el d\u00eda donde\nlos Servicios de Salud de Oaxaca reportaron el mayor n\u00famero de nuevos casos de\nCovid-19, con 248 positivos, mientras que el 28 de julio dieron a conocer la\ncifra m\u00e1s alta de defunciones al acumular de un d\u00eda a otro, 31 defunciones.<\/p>\n\n\n\n<p>Este 2 de agosto fue el d\u00eda con el\nmenor n\u00famero de casos nuevos reportados por los SSO, de 63 y una defunci\u00f3n.<\/p>\n\n\n\n<p>Durante la primera transici\u00f3n de la luz\nen rojo a naranja, a inicios de julio, la entidad experiment\u00f3 un incremento en\nlos contagios por el relajamiento de las medidas de sanidad y falta de\naislamiento social, lo que provoc\u00f3 un retroceso en el sem\u00e1foro al paso de dos\nsemanas.<\/p>\n\n\n\n<p>El aumento de contagios fue de un 35\npor ciento y 30 por ciento en defunciones en su primer cambio de color en el\nsem\u00e1foro epidemiol\u00f3gico.<\/p>\n\n\n\n<p>En aquella ocasi\u00f3n Oaxaca lleg\u00f3 al\nsem\u00e1foro naranja con seis mil 451 casos y 637 decesos y la concluy\u00f3 con ocho\nmil 704 casos acumulados y 824 defunciones.<\/p>\n\n\n\n<p>No obstante, en el regreso al sem\u00e1foro\nrojo, hace dos semanas, el gobernador de Oaxaca, Alejandro Murat, \u00fanicamente\nconvoc\u00f3 a las regiones Cuenca e Istmo a un confinamiento voluntario por 10\nd\u00edas, a fin de reducir los contagios.<\/p>\n\n\n\n<p>Ello pese a que la regi\u00f3n Valles\nCentrales acumula m\u00e1s del 50 por ciento de los casos, tanto de personas\npositivas a Covid como fallecimientos; las dos semanas que culminaron se\ndistinguieron por el relajamiento total de las actividades p\u00fablicas, sobre todo\nen la capital.<\/p>\n","protected":false},"excerpt":{"rendered":"<p>Yuridina Sosa\/Zona Roja. Oaxaca de Ju\u00e1rez, Oax., 3 de agosto de 2020.- A pesar que&hellip;<\/p>\n","protected":false},"author":2,"featured_media":15785,"comment_status":"closed","ping_status":"open","sticky":false,"template":"","format":"standard","meta":{"_lmt_disableupdate":"","_lmt_disable":"","_jetpack_memberships_contains_paid_content":false,"footnotes":""},"categories":[109,47],"tags":[1512],"class_list":["post-15784","post","type-post","status-publish","format-standard","has-post-thumbnail","hentry","category-minuto-a-minuto","category-zona-gris","tag-coronavirus-oaxaca"],"jetpack_featured_media_url":"https:\/\/zonaroja.com.mx\/wp-content\/uploads\/2020\/08\/Covid-Oaxaca-2.png","jetpack_sharing_enabled":true,"_links":{"self":[{"href":"https:\/\/zonaroja.com.mx\/index.php?rest_route=\/wp\/v2\/posts\/15784","targetHints":{"allow":["GET"]}}],"collection":[{"href":"https:\/\/zonaroja.com.mx\/index.php?rest_route=\/wp\/v2\/posts"}],"about":[{"href":"https:\/\/zonaroja.com.mx\/index.php?rest_route=\/wp\/v2\/types\/post"}],"author":[{"embeddable":true,"href":"https:\/\/zonaroja.com.mx\/index.php?rest_route=\/wp\/v2\/users\/2"}],"replies":[{"embeddable":true,"href":"https:\/\/zonaroja.com.mx\/index.php?rest_route=%2Fwp%2Fv2%2Fcomments&post=15784"}],"version-history":[{"count":1,"href":"https:\/\/zonaroja.com.mx\/index.php?rest_route=\/wp\/v2\/posts\/15784\/revisions"}],"predecessor-version":[{"id":15786,"href":"https:\/\/zonaroja.com.mx\/index.php?rest_route=\/wp\/v2\/posts\/15784\/revisions\/15786"}],"wp:featuredmedia":[{"embeddable":true,"href":"https:\/\/zonaroja.com.mx\/index.php?rest_route=\/wp\/v2\/media\/15785"}],"wp:attachment":[{"href":"https:\/\/zonaroja.com.mx\/index.php?rest_route=%2Fwp%2Fv2%2Fmedia&parent=15784"}],"wp:term":[{"taxonomy":"category","embeddable":true,"href":"https:\/\/zonaroja.com.mx\/index.php?rest_route=%2Fwp%2Fv2%2Fcategories&post=15784"},{"taxonomy":"post_tag","embeddable":true,"href":"https:\/\/zonaroja.com.mx\/index.php?rest_route=%2Fwp%2Fv2%2Ftags&post=15784"}],"curies":[{"name":"wp","href":"https:\/\/api.w.org\/{rel}","templated":true}]}}