{"id":1579,"date":"2019-06-09T19:36:03","date_gmt":"2019-06-10T00:36:03","guid":{"rendered":"http:\/\/www.zonaroja.com.mx\/?p=1579"},"modified":"2019-06-09T19:36:05","modified_gmt":"2019-06-10T00:36:05","slug":"hondurenos-habrian-matado-a-golpes-a-guatemalteco-en-hotel-de-oaxaca","status":"publish","type":"post","link":"https:\/\/zonaroja.com.mx\/?p=1579","title":{"rendered":"Hondure\u00f1os habr\u00edan matado a golpes a guatemalteco en hotel de Oaxaca"},"content":{"rendered":"\n<figure class=\"wp-block-image\"><img decoding=\"async\" width=\"1024\" height=\"768\" src=\"http:\/\/www.zonaroja.com.mx\/wp-content\/uploads\/2019\/06\/inseguridad-1024x768.jpg\" alt=\"\" class=\"wp-image-1580\" srcset=\"https:\/\/zonaroja.com.mx\/wp-content\/uploads\/2019\/06\/inseguridad-1024x768.jpg 1024w, https:\/\/zonaroja.com.mx\/wp-content\/uploads\/2019\/06\/inseguridad-300x225.jpg 300w, https:\/\/zonaroja.com.mx\/wp-content\/uploads\/2019\/06\/inseguridad-768x576.jpg 768w, https:\/\/zonaroja.com.mx\/wp-content\/uploads\/2019\/06\/inseguridad-1170x878.jpg 1170w, https:\/\/zonaroja.com.mx\/wp-content\/uploads\/2019\/06\/inseguridad-1920x1440.jpg 1920w, https:\/\/zonaroja.com.mx\/wp-content\/uploads\/2019\/06\/inseguridad-585x439.jpg 585w\" sizes=\"(max-width: 1024px) 100vw, 1024px\" \/><figcaption>Foto: Agencia Zona Roja<\/figcaption><\/figure>\n\n\n\n<p>Redacci\u00f3n<\/p>\n\n\n\n<p>Oaxaca de\nJu\u00e1rez, Oax., 9 de junio de 2019.- Dos hondure\u00f1os ser\u00edan los autores del\nhomicidio de un migrante originario de Guatemala, cometido el pasado domingo 26\nde mayo en un hotel de la ciudad de Oaxaca de Ju\u00e1rez, Oaxaca.<\/p>\n\n\n\n<p>La Fiscal\u00eda\nGeneral del Estado inform\u00f3 que dos semanas despu\u00e9s, los sospechosos fueron\naprehendidos en el Estado de M\u00e9xico por elementos de la Agencia Estatal de\nInvestigaciones.<\/p>\n\n\n\n<p>En un\ncomunicado, inform\u00f3 que ambas personas, identificadas por las iniciales J. A.\nE. V., y F. P. P. fueron llevadas a audiencia por el delito de homicidio\ncalificado en contra de O. D. M. G., a quien presuntamente tambi\u00e9n agredieron\nsexualmente con un palo.<\/p>\n\n\n\n<p>Indic\u00f3 que con\nbase a la carpeta de investigaci\u00f3n 17738\/FDAI\/UEIH\/2019, los hechos ocurrieron\nel pasado 26 de mayo de 2019, en un hotel (\u201cTropical\u201d) ubicado sobre la calle\nde Valerio Trujano, en la ciudad de Oaxaca de Ju\u00e1rez, \u201ccuando con un objeto\ncontundente provocaron diversas fracturas en el cr\u00e1neo de la v\u00edctima que le\nprovocaron la muerte\u201d.<\/p>\n\n\n\n<p>Expuso que\neste s\u00e1bado 8 de junio de 2019, fue ejecutada la orden de aprehensi\u00f3n en el\nEstado de M\u00e9xico, por lo cual los imputados fueron trasladados a la ciudad de\nOaxaca, donde fueron puestos a disposici\u00f3n del juez que los requiri\u00f3.<\/p>\n\n\n\n<p>En\naudiencia, la defensa de los acusados solicit\u00f3 la ampliaci\u00f3n del t\u00e9rmino\nconstitucional, por lo que la sesi\u00f3n para resolver la situaci\u00f3n jur\u00eddica de los\ndos imputados, se llevar\u00e1 a cabo el pr\u00f3ximo 14 de junio.<\/p>\n","protected":false},"excerpt":{"rendered":"<p>Redacci\u00f3n Oaxaca de Ju\u00e1rez, Oax., 9 de junio de 2019.- Dos hondure\u00f1os ser\u00edan los autores&hellip;<\/p>\n","protected":false},"author":2,"featured_media":0,"comment_status":"closed","ping_status":"open","sticky":false,"template":"","format":"standard","meta":{"_lmt_disableupdate":"","_lmt_disable":"","_jetpack_memberships_contains_paid_content":false,"footnotes":""},"categories":[51],"tags":[59,76,78,58],"class_list":["post-1579","post","type-post","status-publish","format-standard","hentry","category-zona-roja","tag-fiscalia-general-del-estado","tag-homicidio","tag-migrantes","tag-oaxaca"],"jetpack_featured_media_url":"","jetpack_sharing_enabled":true,"_links":{"self":[{"href":"https:\/\/zonaroja.com.mx\/index.php?rest_route=\/wp\/v2\/posts\/1579","targetHints":{"allow":["GET"]}}],"collection":[{"href":"https:\/\/zonaroja.com.mx\/index.php?rest_route=\/wp\/v2\/posts"}],"about":[{"href":"https:\/\/zonaroja.com.mx\/index.php?rest_route=\/wp\/v2\/types\/post"}],"author":[{"embeddable":true,"href":"https:\/\/zonaroja.com.mx\/index.php?rest_route=\/wp\/v2\/users\/2"}],"replies":[{"embeddable":true,"href":"https:\/\/zonaroja.com.mx\/index.php?rest_route=%2Fwp%2Fv2%2Fcomments&post=1579"}],"version-history":[{"count":1,"href":"https:\/\/zonaroja.com.mx\/index.php?rest_route=\/wp\/v2\/posts\/1579\/revisions"}],"predecessor-version":[{"id":1581,"href":"https:\/\/zonaroja.com.mx\/index.php?rest_route=\/wp\/v2\/posts\/1579\/revisions\/1581"}],"wp:attachment":[{"href":"https:\/\/zonaroja.com.mx\/index.php?rest_route=%2Fwp%2Fv2%2Fmedia&parent=1579"}],"wp:term":[{"taxonomy":"category","embeddable":true,"href":"https:\/\/zonaroja.com.mx\/index.php?rest_route=%2Fwp%2Fv2%2Fcategories&post=1579"},{"taxonomy":"post_tag","embeddable":true,"href":"https:\/\/zonaroja.com.mx\/index.php?rest_route=%2Fwp%2Fv2%2Ftags&post=1579"}],"curies":[{"name":"wp","href":"https:\/\/api.w.org\/{rel}","templated":true}]}}