{"id":15797,"date":"2020-08-03T12:20:16","date_gmt":"2020-08-03T17:20:16","guid":{"rendered":"https:\/\/www.zonaroja.com.mx\/?p=15797"},"modified":"2020-08-03T12:20:23","modified_gmt":"2020-08-03T17:20:23","slug":"sin-solucion-conflicto-entre-san-martin-peras-y-zochiquilazala-sigue-retencion-de-personas","status":"publish","type":"post","link":"https:\/\/zonaroja.com.mx\/?p=15797","title":{"rendered":"Sin soluci\u00f3n, conflicto entre San Mart\u00edn Peras y Zochiquilazala; sigue retenci\u00f3n de personas"},"content":{"rendered":"\n<p class=\"MsoNormal\">Evlin Arag\u00f3n\/Zona Roja.&nbsp;<\/p>\n\n\n\n<p class=\"MsoNormal\">Oaxaca de Ju\u00e1rez, Oax., 3 de agosto de 2020.-&nbsp;Habitantes de San Mart\u00edn &nbsp;Peras denunciaron que de poco o nada sirvi\u00f3 la intervenci\u00f3n de la Secretaria General de Gobierno (Segego) para mediar el conflicto que enfrentan con Santos Reyes Zochiquilazala y que mantiene privadas de su libertad a 12 personas, incluyendo dos menores de edad, desde el pasado jueves.&nbsp;&nbsp;<\/p>\n\n\n\n<p class=\"MsoNormal\">A trav\u00e9s de una carta dirigida a la opini\u00f3n p\u00fablica, la Comisi\u00f3n Nacional de Derechos Humanos y el Presidente de la Rep\u00fablica, Andr\u00e9s Manuel L\u00f3pez Obrador, explicaron que, pese a la presencia de Rodolfo Quintero, funcionario de la Segego, la reuni\u00f3n instalada para tratar de resolver el conflicto se sali\u00f3 de control e incluso se registraron detonaciones de armas de fuego que dejaron a cuatro personas heridas.&nbsp;&nbsp;<\/p>\n\n\n\n<p class=\"MsoNormal\">Por lo anterior, calificaron de irresponsables a las autoridades del gobierno de Oaxaca, quienes no tomaron las medidas de seguridad necesaria para llevar a cabo la reuni\u00f3n y por el contrario avalaron la presencia de personas armadas en la explanada municipal de Santiago Juxtlahuaca, sede de la misma.&nbsp;<\/p>\n\n\n\n<p class=\"MsoNormal\">\u201cA todas luces hab\u00eda gente armada de Zochiquilazala y esto es una irresponsabilidad por parte el gobierno de Alejandro Murad por mandar este tipo de representante de la Segego como es el caso de Rodolfo Quintero, que permiti\u00f3 el uso de grupos civiles con arma de fuego de uso exclusivo del ej\u00e9rcito, y donde salieron cuatro de nuestros paisanos&nbsp;heridos en la confrontaci\u00f3n\u201d, cita el documento.&nbsp;&nbsp;<\/p>\n\n\n\n<p class=\"MsoNormal\">En este sentido denunciaron que los elementos de la Polic\u00eda Estatal protegieron a las personas armadas, quienes fueron llevada a casa del presidente municipal de Juxtlahuaca, dejando claro que no existe una actitud imparcial ante el conflicto y dejando a la poblaci\u00f3n de San Mart\u00edn Peras en la indefenci\u00f3n.&nbsp;&nbsp;<\/p>\n\n\n\n<p class=\"MsoNormal\">Por lo anterior, solicitaron la presencia de la seguridad nacional en el lugar \u2013Marina y Ejercito mexicano-, as\u00ed como representantes de primer nivel, como el titular del Instituto Nacional de los Pueblos Ind\u00edgenas (Inpi), Adelfo Regino Montes, ante la deficiente actuaci\u00f3n por parte de la autoridad estatal y su representante de la Segego.&nbsp;&nbsp;<\/p>\n\n\n\n<p class=\"MsoNormal\">\u201cHoy queremos la intervenci\u00f3n de la marina nacional y el ej\u00e9rcito, adem\u00e1s del Lic. Adolfo Regino como representante del pueblo ind\u00edgena por esta indignaci\u00f3n que ha causado el actuar del representante de la Segego y la Secretar\u00eda de Seguridad P\u00fablica del estado, por intimidarnos con civiles de Zochiquilazala con portaci\u00f3n de arma de fuego de alto poder\u201d, citan.&nbsp;&nbsp;<\/p>\n\n\n\n<p class=\"MsoNormal\">As\u00ed mismo, solicitaron la presencia del fiscal del Estado, Rub\u00e9n Vasconcelos M\u00e9ndez y el titular de la Segego, H\u00e9ctor Anuar Mafud Mafud, en la mesa de dialogo a fin de conseguir la liberaci\u00f3n de las 12 personas retenidas, quienes llevan m\u00e1s de tres d\u00edas siendo v\u00edctimas de la violaci\u00f3n de sus derechos y garant\u00edas individuales.&nbsp;&nbsp;&nbsp;<\/p>\n\n\n\n<p class=\"MsoNormal\">\u201cEl gobierno no puede permitir que Santo Reyes Zochiquilazala, intercambie la libertad de nuestros ciudadanos con las necesidades de su pueblo, esto es ilegal. Por eso queremos seguridad en la reuni\u00f3n para no caer a los hechos il\u00edcitos de ayer\u201d, sentenciaron.  <\/p>\n","protected":false},"excerpt":{"rendered":"<p>Evlin Arag\u00f3n\/Zona Roja.&nbsp; Oaxaca de Ju\u00e1rez, Oax., 3 de agosto de 2020.-&nbsp;Habitantes de San Mart\u00edn&hellip;<\/p>\n","protected":false},"author":2,"featured_media":15796,"comment_status":"closed","ping_status":"open","sticky":false,"template":"","format":"standard","meta":{"_lmt_disableupdate":"","_lmt_disable":"","_jetpack_memberships_contains_paid_content":false,"footnotes":""},"categories":[109,47],"tags":[1872],"class_list":["post-15797","post","type-post","status-publish","format-standard","has-post-thumbnail","hentry","category-minuto-a-minuto","category-zona-gris","tag-san-martin-peras"],"jetpack_featured_media_url":"https:\/\/zonaroja.com.mx\/wp-content\/uploads\/2020\/08\/img_5300.jpg","jetpack_sharing_enabled":true,"_links":{"self":[{"href":"https:\/\/zonaroja.com.mx\/index.php?rest_route=\/wp\/v2\/posts\/15797","targetHints":{"allow":["GET"]}}],"collection":[{"href":"https:\/\/zonaroja.com.mx\/index.php?rest_route=\/wp\/v2\/posts"}],"about":[{"href":"https:\/\/zonaroja.com.mx\/index.php?rest_route=\/wp\/v2\/types\/post"}],"author":[{"embeddable":true,"href":"https:\/\/zonaroja.com.mx\/index.php?rest_route=\/wp\/v2\/users\/2"}],"replies":[{"embeddable":true,"href":"https:\/\/zonaroja.com.mx\/index.php?rest_route=%2Fwp%2Fv2%2Fcomments&post=15797"}],"version-history":[{"count":1,"href":"https:\/\/zonaroja.com.mx\/index.php?rest_route=\/wp\/v2\/posts\/15797\/revisions"}],"predecessor-version":[{"id":15798,"href":"https:\/\/zonaroja.com.mx\/index.php?rest_route=\/wp\/v2\/posts\/15797\/revisions\/15798"}],"wp:featuredmedia":[{"embeddable":true,"href":"https:\/\/zonaroja.com.mx\/index.php?rest_route=\/wp\/v2\/media\/15796"}],"wp:attachment":[{"href":"https:\/\/zonaroja.com.mx\/index.php?rest_route=%2Fwp%2Fv2%2Fmedia&parent=15797"}],"wp:term":[{"taxonomy":"category","embeddable":true,"href":"https:\/\/zonaroja.com.mx\/index.php?rest_route=%2Fwp%2Fv2%2Fcategories&post=15797"},{"taxonomy":"post_tag","embeddable":true,"href":"https:\/\/zonaroja.com.mx\/index.php?rest_route=%2Fwp%2Fv2%2Ftags&post=15797"}],"curies":[{"name":"wp","href":"https:\/\/api.w.org\/{rel}","templated":true}]}}