{"id":15799,"date":"2020-08-03T14:07:58","date_gmt":"2020-08-03T19:07:58","guid":{"rendered":"http:\/\/www.zonaroja.com.mx\/?p=15799"},"modified":"2020-08-03T14:08:03","modified_gmt":"2020-08-03T19:08:03","slug":"transportistas-denuncian-aumento-de-violencia-y-tambien-de-impunidad","status":"publish","type":"post","link":"https:\/\/zonaroja.com.mx\/?p=15799","title":{"rendered":"Transportistas denuncian aumento de violencia\u2026 y tambi\u00e9n de impunidad"},"content":{"rendered":"\n<p>Evlin\nArag\u00f3n\/Zona Roja.<\/p>\n\n\n\n<p>Oaxaca\nde Ju\u00e1rez, Oax., 3 de agosto de 2020.- Integrantes de la Federaci\u00f3n de\nTransportistas Concesionarios del Estado de Oaxaca denunciaron el aumento de la\nviolencia en su contra, que ha dejado al menos 15 trabajadores del volante asesinados\nen los \u00faltimos cinco a\u00f1os, particularmente en la regi\u00f3n de la Costa. <\/p>\n\n\n\n<p>En\nconferencia de prensa en la capital, acusaron que apenas este fin de semana fue\nasesinado uno de los dirigentes de la organizaci\u00f3n en la zona costera, por lo\nque exigieron una mesa de trabajo con el gobernador de Oaxaca, Alejandro Murat\nHinojosa, para plantearle la problem\u00e1tica y puedan esclarecer los hechos\nviolentos en contra de sus agremiados. <\/p>\n\n\n\n<p>Raymundo\nBautista, dirigentes de la organizaci\u00f3n, manifest\u00f3 que es la pugna entre el\ntransporte legal e ilegal en la regi\u00f3n la que ha dejado saldo mortal, por lo\nque pidieron la intervenci\u00f3n de las autoridades para evitar que se sigan\nregistrando m\u00e1s ataques en contra de quienes integran la organizaci\u00f3n. <\/p>\n\n\n\n<p>\u201cTenemos m\u00e1s de 15 compa\u00f1eros que han sido asesinados, secuestrados, han tenido robo de veh\u00edculo y no se le ha dado el seguimiento adecuado a su caso hasta el momento. Desconocemos quienes son los autores intelectuales y materiales de los actos y por ellos pedimos la intervenci\u00f3n de la autoridad\u201d, se\u00f1al\u00f3. <\/p>\n\n\n\n<figure class=\"wp-block-embed-twitter wp-block-embed is-type-rich is-provider-twitter\"><div class=\"wp-block-embed__wrapper\">\n<div class=\"twitter-tweet\"><blockquote class=\"twitter-tweet\" data-lang=\"es\"><p lang=\"es\" dir=\"ltr\"><a href=\"https:\/\/twitter.com\/hashtag\/ENVIVO?src=hash&amp;ref_src=twsrc%5Etfw\">#ENVIVO<\/a><br>Oaxaca de Ju\u00e1rez, Oax., 3 de agosto de 2020.- Transportistas denuncian aumento de la violencia contra el gremio en <a href=\"https:\/\/twitter.com\/hashtag\/Oaxaca?src=hash&amp;ref_src=twsrc%5Etfw\">#Oaxaca<\/a>. <br><br>Aqu\u00ed el enlace de la transmisi\u00f3n: <a href=\"https:\/\/t.co\/tPxArzQgnI\">https:\/\/t.co\/tPxArzQgnI<\/a> <a href=\"https:\/\/t.co\/heNDWZMgeN\">pic.twitter.com\/heNDWZMgeN<\/a><\/p>&mdash; Zona Roja Oaxaca (@MexRoja) <a href=\"https:\/\/twitter.com\/MexRoja\/status\/1290324116365611008?ref_src=twsrc%5Etfw\">3 de agosto de 2020<\/a><\/blockquote><\/div>\n<\/div><\/figure>\n\n\n\n<p>Por\nsu parte Hita Ortiz, ex diputada local y tambi\u00e9n integrante de la organizaci\u00f3n,\nasegur\u00f3 que es necesaria la intervenci\u00f3n de las autoridades en materia de\nseguridad p\u00fablica y procuraci\u00f3n de justicia para evitar m\u00e1s actos violentos y\ngarantizar la justicia para las v\u00edctimas.&nbsp;\n<\/p>\n\n\n\n<p>\u201cEs\nun llamado en\u00e9rgico a las autoridades no es posibles que nos est\u00e9n asesinando a\nnuestros compa\u00f1eros, ya no queremos hu\u00e9rfano, ya no queremos viudas,\ndif\u00edcilmente estamos sobreviviendo ante la pandemia como para enfrentarnos a\nuna problem\u00e1tica social m\u00e1s como lo es el transporte y la violencia\u201d, dijo.&nbsp;&nbsp;&nbsp; <\/p>\n\n\n\n<p>As\u00ed\nmismo, explic\u00f3 que son Pinotepa, Tlaxiaco y Juquila los municipios donde se ha\nincrementado la violencia hacia el sector transportista, por lo que insisti\u00f3 en\nel llamado a revisar el transporte ilegal, que no s\u00f3lo constituye una falta\nadministrativa o penal, sino que se ha vuelto un factor de riesgo para quienes\nsi cumplen con los requisitos y se han visto afectados con las agresiones\ngeneradas.&nbsp; <\/p>\n\n\n\n<p>El\npasado s\u00e1bado fue ultimado el chofer de un taxi con n\u00famero econ\u00f3mico 06-281, de\nSantiago Jamiltepec, identificado como Noel A., originario de Santa Mar\u00eda\nYosocani, San Lorenzo.<\/p>\n\n\n\n<p>El\ncuerpo fue localizado en el interior de la unidad de motor, sobre la carretera\na San Pedro Siniyuvi, del municipio de San Juan Colorado; a\u00fan se desconoce el\nm\u00f3vil de la ejecuci\u00f3n as\u00ed como el o los probables responsables.<\/p>\n","protected":false},"excerpt":{"rendered":"<p>Evlin Arag\u00f3n\/Zona Roja. Oaxaca de Ju\u00e1rez, Oax., 3 de agosto de 2020.- Integrantes de la&hellip;<\/p>\n","protected":false},"author":2,"featured_media":15800,"comment_status":"closed","ping_status":"open","sticky":false,"template":"","format":"standard","meta":{"_lmt_disableupdate":"","_lmt_disable":"","_jetpack_memberships_contains_paid_content":false,"footnotes":""},"categories":[109,47],"tags":[],"class_list":["post-15799","post","type-post","status-publish","format-standard","has-post-thumbnail","hentry","category-minuto-a-minuto","category-zona-gris"],"jetpack_featured_media_url":"https:\/\/zonaroja.com.mx\/wp-content\/uploads\/2020\/08\/Conferencia-transportistas.jpg","jetpack_sharing_enabled":true,"_links":{"self":[{"href":"https:\/\/zonaroja.com.mx\/index.php?rest_route=\/wp\/v2\/posts\/15799","targetHints":{"allow":["GET"]}}],"collection":[{"href":"https:\/\/zonaroja.com.mx\/index.php?rest_route=\/wp\/v2\/posts"}],"about":[{"href":"https:\/\/zonaroja.com.mx\/index.php?rest_route=\/wp\/v2\/types\/post"}],"author":[{"embeddable":true,"href":"https:\/\/zonaroja.com.mx\/index.php?rest_route=\/wp\/v2\/users\/2"}],"replies":[{"embeddable":true,"href":"https:\/\/zonaroja.com.mx\/index.php?rest_route=%2Fwp%2Fv2%2Fcomments&post=15799"}],"version-history":[{"count":1,"href":"https:\/\/zonaroja.com.mx\/index.php?rest_route=\/wp\/v2\/posts\/15799\/revisions"}],"predecessor-version":[{"id":15801,"href":"https:\/\/zonaroja.com.mx\/index.php?rest_route=\/wp\/v2\/posts\/15799\/revisions\/15801"}],"wp:featuredmedia":[{"embeddable":true,"href":"https:\/\/zonaroja.com.mx\/index.php?rest_route=\/wp\/v2\/media\/15800"}],"wp:attachment":[{"href":"https:\/\/zonaroja.com.mx\/index.php?rest_route=%2Fwp%2Fv2%2Fmedia&parent=15799"}],"wp:term":[{"taxonomy":"category","embeddable":true,"href":"https:\/\/zonaroja.com.mx\/index.php?rest_route=%2Fwp%2Fv2%2Fcategories&post=15799"},{"taxonomy":"post_tag","embeddable":true,"href":"https:\/\/zonaroja.com.mx\/index.php?rest_route=%2Fwp%2Fv2%2Ftags&post=15799"}],"curies":[{"name":"wp","href":"https:\/\/api.w.org\/{rel}","templated":true}]}}