{"id":15807,"date":"2020-08-03T15:17:50","date_gmt":"2020-08-03T20:17:50","guid":{"rendered":"http:\/\/www.zonaroja.com.mx\/?p=15807"},"modified":"2020-08-03T19:24:15","modified_gmt":"2020-08-04T00:24:15","slug":"regresa-oaxaca-al-semaforo-naranja-y-se-incrementa-movilidad-humana","status":"publish","type":"post","link":"https:\/\/zonaroja.com.mx\/?p=15807","title":{"rendered":"Regresa Oaxaca al sem\u00e1foro naranja y se incrementa movilidad humana"},"content":{"rendered":"\n<p>Yuridiana\nSosa\/Zona Roja.<\/p>\n\n\n\n<p>Oaxaca\nde Ju\u00e1rez, Oax., 3 de agosto de 2020.- El aislamiento social para evitar\ncontagios es un mito ante la necesidad de salir a trabajar, mientras que para miles\nde personas m\u00e1s, simplemente lo han dejado para retomar su vida social.<\/p>\n\n\n\n<p>Pareciera\nque nadie tiene miedo al Covid-19 y este lunes hasta el Pante\u00f3n General de la\ncapital oaxaque\u00f1a comenz\u00f3 a recibir a grupos masivos de dolientes.<\/p>\n\n\n\n<p>El\nsem\u00e1foro naranja, al que por segunda ocasi\u00f3n se incorpora Oaxaca, volvi\u00f3 a ser\nmotivo de una mayor movilidad en la poblaci\u00f3n.<\/p>\n\n\n\n<p>Las calles del Centro Hist\u00f3rico se reavivaron desde las primeras horas de este lunes, al inicio de esta nueva etapa epidemiol\u00f3gico de la contingencia Covid-19.<\/p>\n\n\n\n<p>La\nindicaci\u00f3n de un menor riesgo de contagios dej\u00f3 como experiencia, la primera\nocasi\u00f3n, el incremento de casos positivos y defunciones, lo cual poco import\u00f3\neste inicio de semana, donde adem\u00e1s el uso de cubrebocas a\u00fan no se cumple como\nuna estricta medida personal para evitar contagios.<\/p>\n\n\n\n<p>Para el inicio de esta fase naranja, el gobernador Alejandro Murat, convoc\u00f3 a la poblaci\u00f3n al denominado \u201cReto 40\u201d, en el que invita a los oaxaque\u00f1os a usar de forma correcta e indispensable el cubrebocas al transitar fuera de casa para contener y disminuir los contagios.<\/p>\n\n\n\n<figure class=\"wp-block-embed-twitter wp-block-embed is-type-rich is-provider-twitter\"><div class=\"wp-block-embed__wrapper\">\n<div class=\"twitter-tweet\"><blockquote class=\"twitter-tweet\" data-lang=\"es\"><p lang=\"es\" dir=\"ltr\"><a href=\"https:\/\/twitter.com\/hashtag\/OaxavaEnSem%C3%A1foroNaranja?src=hash&amp;ref_src=twsrc%5Etfw\">#OaxavaEnSem\u00e1foroNaranja<\/a><br>\u00bfC\u00f3mo inici\u00f3 Oaxaca la transici\u00f3n a sem\u00e1foro epidemiol\u00f3gico naranja? En la capital, como si fuera sem\u00e1foro verde; con aglomeraciones y con parques y calles llenas.  <br><br>Aqu\u00ed la transmisi\u00f3n: \ud83d\udc47<a href=\"https:\/\/t.co\/w2RgX4Jsfg\">https:\/\/t.co\/w2RgX4Jsfg<\/a> <a href=\"https:\/\/t.co\/xBvg0WSpPf\">pic.twitter.com\/xBvg0WSpPf<\/a><\/p>&mdash; Zona Roja Oaxaca (@MexRoja) <a href=\"https:\/\/twitter.com\/MexRoja\/status\/1290357833687617540?ref_src=twsrc%5Etfw\">3 de agosto de 2020<\/a><\/blockquote><\/div>\n<\/div><\/figure>\n\n\n\n<p>El\nreto comenz\u00f3 a ser ignorado este lunes. En un recorrido realizado por ZONA ROJA\nse constat\u00f3 el desacato de la ciudadan\u00eda que acudi\u00f3 al Centro Hist\u00f3rico, donde\ntambi\u00e9n se apreci\u00f3 la apertura de comercio con actividades no esenciales.<\/p>\n\n\n\n<p>Alrededor\nde los mercados tradicionales como \u201cBenito Ju\u00e1rez\u201d y \u201c20 de Noviembre\u201d; del\npalacio de gobierno, el z\u00f3calo, Alameda de Le\u00f3n, entre otros puntos de mayor\nafluencia, se observ\u00f3 a hombres y mujeres sin la mascarilla y sin respetar la\nsana distancia.<\/p>\n\n\n\n<p>M\u00e1s\nall\u00e1 de la efectividad o no del cubrebocas contra el coronavirus, para cientos\nde oaxaque\u00f1os portar uno a\u00fan representa una molestia. Pues acceder a uno ya no es\nun problema ante la amplia variedad que ofertan los vendedores en la v\u00eda\np\u00fablica.<\/p>\n\n\n\n<p>Sobre\nla calle de Las Casas el ambulantaje satura. La presencia de nuevos puestos\npriva cada vez m\u00e1s el libre paso de los peatones, que sin cuidados se\narremolinan en sobre reducidas banquetas.<\/p>\n\n\n\n<p>As\u00ed\ntambi\u00e9n es el escenario en la primera calle de Flores Mag\u00f3n, donde los puestos\nen la v\u00eda p\u00fablica le han robado espacios al arroyo vehicular, colmando tambi\u00e9n\nlas fachadas de establecimientos formales; incluso de algunos que no\nsobrevivieron a la pandemia.<\/p>\n\n\n\n<p>Es el primer d\u00eda del sem\u00e1foro naranja rumbo a una nueva normalidad marcada por 10 mil 736 contagios acumulados en la entidad y 969 muertes por Covid-19.<\/p>\n\n\n\n<figure class=\"wp-block-embed-twitter wp-block-embed is-type-rich is-provider-twitter\"><div class=\"wp-block-embed__wrapper\">\n<div class=\"twitter-tweet\"><blockquote class=\"twitter-tweet\" data-lang=\"es\"><p lang=\"es\" dir=\"ltr\"><a href=\"https:\/\/twitter.com\/hashtag\/Qu%C3%A9dateEnCasaYa?src=hash&amp;ref_src=twsrc%5Etfw\">#Qu\u00e9dateEnCasaYa<\/a><br>Tan se ha relajado la movilidad en <a href=\"https:\/\/twitter.com\/hashtag\/Oaxaca?src=hash&amp;ref_src=twsrc%5Etfw\">#Oaxaca<\/a> capital, pese al sem\u00e1foro epidemiol\u00f3gico en naranja por Covid, que el Pante\u00f3n General de la capital comenz\u00f3 a recibir hoy cortejos fujebres con decenas de personas. <a href=\"https:\/\/t.co\/2saB5zOH75\">pic.twitter.com\/2saB5zOH75<\/a><\/p>&mdash; Zona Roja Oaxaca (@MexRoja) <a href=\"https:\/\/twitter.com\/MexRoja\/status\/1290441922004373506?ref_src=twsrc%5Etfw\">4 de agosto de 2020<\/a><\/blockquote><\/div>\n<\/div><\/figure>\n","protected":false},"excerpt":{"rendered":"<p>Yuridiana Sosa\/Zona Roja. Oaxaca de Ju\u00e1rez, Oax., 3 de agosto de 2020.- El aislamiento social&hellip;<\/p>\n","protected":false},"author":2,"featured_media":15808,"comment_status":"closed","ping_status":"open","sticky":false,"template":"","format":"standard","meta":{"_lmt_disableupdate":"","_lmt_disable":"","_jetpack_memberships_contains_paid_content":false,"footnotes":""},"categories":[109,47],"tags":[1512],"class_list":["post-15807","post","type-post","status-publish","format-standard","has-post-thumbnail","hentry","category-minuto-a-minuto","category-zona-gris","tag-coronavirus-oaxaca"],"jetpack_featured_media_url":"https:\/\/zonaroja.com.mx\/wp-content\/uploads\/2020\/08\/Gente-pante\u00f3n-Covid.jpg","jetpack_sharing_enabled":true,"_links":{"self":[{"href":"https:\/\/zonaroja.com.mx\/index.php?rest_route=\/wp\/v2\/posts\/15807","targetHints":{"allow":["GET"]}}],"collection":[{"href":"https:\/\/zonaroja.com.mx\/index.php?rest_route=\/wp\/v2\/posts"}],"about":[{"href":"https:\/\/zonaroja.com.mx\/index.php?rest_route=\/wp\/v2\/types\/post"}],"author":[{"embeddable":true,"href":"https:\/\/zonaroja.com.mx\/index.php?rest_route=\/wp\/v2\/users\/2"}],"replies":[{"embeddable":true,"href":"https:\/\/zonaroja.com.mx\/index.php?rest_route=%2Fwp%2Fv2%2Fcomments&post=15807"}],"version-history":[{"count":2,"href":"https:\/\/zonaroja.com.mx\/index.php?rest_route=\/wp\/v2\/posts\/15807\/revisions"}],"predecessor-version":[{"id":15817,"href":"https:\/\/zonaroja.com.mx\/index.php?rest_route=\/wp\/v2\/posts\/15807\/revisions\/15817"}],"wp:featuredmedia":[{"embeddable":true,"href":"https:\/\/zonaroja.com.mx\/index.php?rest_route=\/wp\/v2\/media\/15808"}],"wp:attachment":[{"href":"https:\/\/zonaroja.com.mx\/index.php?rest_route=%2Fwp%2Fv2%2Fmedia&parent=15807"}],"wp:term":[{"taxonomy":"category","embeddable":true,"href":"https:\/\/zonaroja.com.mx\/index.php?rest_route=%2Fwp%2Fv2%2Fcategories&post=15807"},{"taxonomy":"post_tag","embeddable":true,"href":"https:\/\/zonaroja.com.mx\/index.php?rest_route=%2Fwp%2Fv2%2Ftags&post=15807"}],"curies":[{"name":"wp","href":"https:\/\/api.w.org\/{rel}","templated":true}]}}