{"id":15818,"date":"2020-08-03T19:27:14","date_gmt":"2020-08-04T00:27:14","guid":{"rendered":"http:\/\/www.zonaroja.com.mx\/?p=15818"},"modified":"2020-08-03T19:27:17","modified_gmt":"2020-08-04T00:27:17","slug":"liberan-a-cuatro-de-san-martin-peras-entre-ellos-dos-menores-faltan-ocho","status":"publish","type":"post","link":"https:\/\/zonaroja.com.mx\/?p=15818","title":{"rendered":"Liberan a cuatro de San Mart\u00edn Peras, entre ellos dos menores; faltan ocho"},"content":{"rendered":"\n<p>Redacci\u00f3n\/Zona\nRoja.<\/p>\n\n\n\n<p>Oaxaca\nde Ju\u00e1rez, Oax., 3 de agosto de 2020.- Tras las negociaciones que se llevan a\ncabo en Santiago Juxtlahuaca desde el pasado s\u00e1bado, este lunes fueron\nliberadas cuatro de las 12 personas de San Mart\u00edn Peras, retenidas desde el\njueves por moradores de Santos Reyes Xochiquilazala.<\/p>\n\n\n\n<p>Adem\u00e1s,\nal menos otras cuatro personas lesionadas de bala durante la confrontaci\u00f3n de\nayer entre ambas partes &#8211;mientras se llevaba a cabo la reuni\u00f3n de negociaci\u00f3n&#8211;\nfueron trasladadas a un hospital de la Heroica Ciudad de Tlaxiaco.<\/p>\n\n\n\n<p>Los\nprimeros cuatro liberados son identificados como Mateo Salvador Mart\u00ednez, de 78\na\u00f1os de edad; Federico Morales V\u00e1squez, de 64 a\u00f1os; Jos\u00e9 J. S., de 13 a\u00f1os y\nJos\u00e9 O. g., de 10 a\u00f1os. Se espera que en el transcurso de las siguientes horas\nsean puestas en libertad m\u00e1s personas.<\/p>\n\n\n\n<p>Por\notra parte, los lesionados fueron reconocidos como Rufino L\u00f3pez V\u00e1squez,\nVictoriano Salvador Mart\u00ednez y Filem\u00f3n Rodr\u00edguez L\u00f3pez; Peras insiste en que\nson cuatro los lesionados.<\/p>\n\n\n\n<p>El\ndi\u00e1logo con la mediaci\u00f3n de la Secretar\u00eda General de Gobierno (Segego) se\nmantienen; no obstante, Peras insiste en que la Fiscal\u00eda General del Estado de\nOaxaca inicie a la brevedad las carpetas de investigaci\u00f3n correspondiente tanto\npor el ataque armado como por la privaci\u00f3n ilegal de personas.<\/p>\n","protected":false},"excerpt":{"rendered":"<p>Redacci\u00f3n\/Zona Roja. Oaxaca de Ju\u00e1rez, Oax., 3 de agosto de 2020.- Tras las negociaciones que&hellip;<\/p>\n","protected":false},"author":2,"featured_media":15819,"comment_status":"closed","ping_status":"open","sticky":false,"template":"","format":"standard","meta":{"_lmt_disableupdate":"","_lmt_disable":"","_jetpack_memberships_contains_paid_content":false,"footnotes":""},"categories":[109,47],"tags":[1872],"class_list":["post-15818","post","type-post","status-publish","format-standard","has-post-thumbnail","hentry","category-minuto-a-minuto","category-zona-gris","tag-san-martin-peras"],"jetpack_featured_media_url":"https:\/\/zonaroja.com.mx\/wp-content\/uploads\/2020\/08\/Liberados-San-Mart\u00edn-Peras.jpg","jetpack_sharing_enabled":true,"_links":{"self":[{"href":"https:\/\/zonaroja.com.mx\/index.php?rest_route=\/wp\/v2\/posts\/15818","targetHints":{"allow":["GET"]}}],"collection":[{"href":"https:\/\/zonaroja.com.mx\/index.php?rest_route=\/wp\/v2\/posts"}],"about":[{"href":"https:\/\/zonaroja.com.mx\/index.php?rest_route=\/wp\/v2\/types\/post"}],"author":[{"embeddable":true,"href":"https:\/\/zonaroja.com.mx\/index.php?rest_route=\/wp\/v2\/users\/2"}],"replies":[{"embeddable":true,"href":"https:\/\/zonaroja.com.mx\/index.php?rest_route=%2Fwp%2Fv2%2Fcomments&post=15818"}],"version-history":[{"count":1,"href":"https:\/\/zonaroja.com.mx\/index.php?rest_route=\/wp\/v2\/posts\/15818\/revisions"}],"predecessor-version":[{"id":15820,"href":"https:\/\/zonaroja.com.mx\/index.php?rest_route=\/wp\/v2\/posts\/15818\/revisions\/15820"}],"wp:featuredmedia":[{"embeddable":true,"href":"https:\/\/zonaroja.com.mx\/index.php?rest_route=\/wp\/v2\/media\/15819"}],"wp:attachment":[{"href":"https:\/\/zonaroja.com.mx\/index.php?rest_route=%2Fwp%2Fv2%2Fmedia&parent=15818"}],"wp:term":[{"taxonomy":"category","embeddable":true,"href":"https:\/\/zonaroja.com.mx\/index.php?rest_route=%2Fwp%2Fv2%2Fcategories&post=15818"},{"taxonomy":"post_tag","embeddable":true,"href":"https:\/\/zonaroja.com.mx\/index.php?rest_route=%2Fwp%2Fv2%2Ftags&post=15818"}],"curies":[{"name":"wp","href":"https:\/\/api.w.org\/{rel}","templated":true}]}}