{"id":15822,"date":"2020-08-04T06:38:23","date_gmt":"2020-08-04T11:38:23","guid":{"rendered":"http:\/\/www.zonaroja.com.mx\/?p=15822"},"modified":"2020-08-04T06:38:27","modified_gmt":"2020-08-04T11:38:27","slug":"inicio-oaxaca-semaforo-naranja-con-nueve-decesos-y-179-casos-de-covid","status":"publish","type":"post","link":"https:\/\/zonaroja.com.mx\/?p=15822","title":{"rendered":"Inici\u00f3 Oaxaca sem\u00e1foro naranja con nueve decesos y 179 casos de Covid"},"content":{"rendered":"\n<p>Redacci\u00f3n\/Zona\nRoja.<\/p>\n\n\n\n<p>Oaxaca de\nJu\u00e1rez, Oax., 4 de agosto de 2020.- Al corte de este lunes 3 de agosto, la\nentidad registr\u00f3 179 diagn\u00f3sticos nuevos de Covid-19, para un total de 10 mil\n915 acumulados; adem\u00e1s, hay 647 casos activos.<\/p>\n\n\n\n<p>As\u00ed lo\ninform\u00f3 la dependencia Servicios de Salud de Oaxaca (SSO), que detall\u00f3 que a la\nfecha se han realizado 16 mil 221 pruebas de la enfermedad, de las cuales\ncuatro mil 587 han sido negativas, 719 son casos sospechosos, nueve mil 290 se\nhan recuperado y lamentablemente hoy se registran nueve decesos, que suman 978.<\/p>\n\n\n\n<p>Mencion\u00f3 que\nla Jurisdicci\u00f3n Sanitaria de Valles Centrales registra siete mil 122 casos y\n476 defunciones; Tuxtepec mil 456 notificaciones y 217 fallecimientos; Istmo\nmil 086 y 153 decesos; Mixteca 634 y 58 muertes; Costa 438 y 45 perdidas\nfatales; y la Sierra 179, de los cuales 29 perdieron la vida.<\/p>\n\n\n\n<p>Expuso que\neste lunes se observaron 59 municipios con la presencia de casos nuevos, siendo\nlos que mayor incidencia: Oaxaca de Ju\u00e1rez con 33, Heroica Cuidad de Huajuapan\nde Le\u00f3n con 20, Salina Cruz y Santiago Pinotepa Nacional con 10 cada uno, as\u00ed\ncomo San Juan Bautista Tuxtepec con nueve, entre otros.<\/p>\n\n\n\n<p>A\u00f1adi\u00f3 que\nde acuerdo al informe de mortalidad, el grupo de edad de 65 y m\u00e1s a\u00f1os contin\u00faa\nsiendo el m\u00e1s afectado con 423 fallecimientos, el de 50 a 59 con 237 y el de 60\na 64 con 142, asociadas a enfermedades subyacentes como: la diabetes mellitus,\nhipertensi\u00f3n arterial, obesidad e insuficiencia renal, principalmente.<\/p>\n\n\n\n<p>Reiter\u00f3 el\nllamado que hizo el gobernador Alejandro Murat Hinojosa, para que toda la\npoblaci\u00f3n se sume al reto \u201c40 d\u00edas por Oaxaca\u00bb, y utilice el cubrebocas de\nmanera correcta y permanente en todos los espacios p\u00fablicos, as\u00ed como al\ninteractuar con las personas, adem\u00e1s de respetar y aplicar las medidas de\nprevenci\u00f3n, ya que el riesgo de contagio contin\u00faa latente en la entidad.<\/p>\n","protected":false},"excerpt":{"rendered":"<p>Redacci\u00f3n\/Zona Roja. Oaxaca de Ju\u00e1rez, Oax., 4 de agosto de 2020.- Al corte de este&hellip;<\/p>\n","protected":false},"author":2,"featured_media":15823,"comment_status":"closed","ping_status":"open","sticky":false,"template":"","format":"standard","meta":{"_lmt_disableupdate":"","_lmt_disable":"","_jetpack_memberships_contains_paid_content":false,"footnotes":""},"categories":[109,47],"tags":[1512],"class_list":["post-15822","post","type-post","status-publish","format-standard","has-post-thumbnail","hentry","category-minuto-a-minuto","category-zona-gris","tag-coronavirus-oaxaca"],"jetpack_featured_media_url":"https:\/\/zonaroja.com.mx\/wp-content\/uploads\/2020\/08\/SSO-1-2.jpeg","jetpack_sharing_enabled":true,"_links":{"self":[{"href":"https:\/\/zonaroja.com.mx\/index.php?rest_route=\/wp\/v2\/posts\/15822","targetHints":{"allow":["GET"]}}],"collection":[{"href":"https:\/\/zonaroja.com.mx\/index.php?rest_route=\/wp\/v2\/posts"}],"about":[{"href":"https:\/\/zonaroja.com.mx\/index.php?rest_route=\/wp\/v2\/types\/post"}],"author":[{"embeddable":true,"href":"https:\/\/zonaroja.com.mx\/index.php?rest_route=\/wp\/v2\/users\/2"}],"replies":[{"embeddable":true,"href":"https:\/\/zonaroja.com.mx\/index.php?rest_route=%2Fwp%2Fv2%2Fcomments&post=15822"}],"version-history":[{"count":1,"href":"https:\/\/zonaroja.com.mx\/index.php?rest_route=\/wp\/v2\/posts\/15822\/revisions"}],"predecessor-version":[{"id":15824,"href":"https:\/\/zonaroja.com.mx\/index.php?rest_route=\/wp\/v2\/posts\/15822\/revisions\/15824"}],"wp:featuredmedia":[{"embeddable":true,"href":"https:\/\/zonaroja.com.mx\/index.php?rest_route=\/wp\/v2\/media\/15823"}],"wp:attachment":[{"href":"https:\/\/zonaroja.com.mx\/index.php?rest_route=%2Fwp%2Fv2%2Fmedia&parent=15822"}],"wp:term":[{"taxonomy":"category","embeddable":true,"href":"https:\/\/zonaroja.com.mx\/index.php?rest_route=%2Fwp%2Fv2%2Fcategories&post=15822"},{"taxonomy":"post_tag","embeddable":true,"href":"https:\/\/zonaroja.com.mx\/index.php?rest_route=%2Fwp%2Fv2%2Ftags&post=15822"}],"curies":[{"name":"wp","href":"https:\/\/api.w.org\/{rel}","templated":true}]}}