{"id":15826,"date":"2020-08-04T07:16:47","date_gmt":"2020-08-04T12:16:47","guid":{"rendered":"http:\/\/www.zonaroja.com.mx\/?p=15826"},"modified":"2020-08-04T07:16:51","modified_gmt":"2020-08-04T12:16:51","slug":"incesante-violencia-en-la-capital-de-oaxaca-un-asesinado-y-un-herido-en-asalto","status":"publish","type":"post","link":"https:\/\/zonaroja.com.mx\/?p=15826","title":{"rendered":"Incesante violencia en la capital de Oaxaca: un asesinado y un herido en asalto"},"content":{"rendered":"\n<p>Ismael\nGarc\u00eda M.\/Zona Roja.<\/p>\n\n\n\n<p>Oaxaca de\nJu\u00e1rez, Oax., 4 de agosto de 2020.- Dos personas fueron asesinadas por disparos\nde arma de fuego y una m\u00e1s result\u00f3 lesionada, en el transcurso de este lunes en\nla ciudad de Oaxaca.<\/p>\n\n\n\n<p>El m\u00e1s\nreciente hecho ocurri\u00f3 aproximadamente a las 18:00 horas en la tienda de\nmateriales \u201cCasa Blanca\u201d, ubicado en la avenida Montoya esquina Gerardo\nBalbuena, de la agencia de San Mart\u00edn Mexic\u00e1pam, hasta donde arribaron sujetos\narmados para cometer un asalto.<\/p>\n\n\n\n<p>Sin embargo, ante la resistencia de los trabajadores, accionaron sus armas de fuego en contra de dos personas; una de ellas, identificada de manera preliminar como Julio C\u00e9sar Pinacho, perdi\u00f3 la vida en el lugar, mientras que otra, Javier G., fue trasladada a un hospital, este \u00faltimo al parecer propietario del establecimiento.<\/p>\n\n\n\n<figure class=\"wp-block-embed-twitter wp-block-embed is-type-rich is-provider-twitter\"><div class=\"wp-block-embed__wrapper\">\n<div class=\"twitter-tweet\"><blockquote class=\"twitter-tweet\" data-lang=\"es\"><p lang=\"es\" dir=\"ltr\"><a href=\"https:\/\/twitter.com\/hashtag\/%C3%9AltimoMinuto?src=hash&amp;ref_src=twsrc%5Etfw\">#\u00daltimoMinuto<\/a> <br>Una persona fallecida y otra lesionada por disparos de arma de fuego, saldo de un asalto esta tarde a tienda de materiales en avenida Montoya, San Mart\u00edn Mexic\u00e1pam. El <a href=\"https:\/\/twitter.com\/MunicipioOaxaca?ref_src=twsrc%5Etfw\">@MunicipioOaxaca<\/a> de <a href=\"https:\/\/twitter.com\/oswaldogarciaj?ref_src=twsrc%5Etfw\">@oswaldogarciaj<\/a> incapaz de detener la ola delictiva. <a href=\"https:\/\/t.co\/5f0PEqyYNm\">pic.twitter.com\/5f0PEqyYNm<\/a><\/p>&mdash; Zona Roja Oaxaca (@MexRoja) <a href=\"https:\/\/twitter.com\/MexRoja\/status\/1290448434177212418?ref_src=twsrc%5Etfw\">4 de agosto de 2020<\/a><\/blockquote><\/div>\n<\/div><\/figure>\n\n\n\n<p>Fue personal\nparam\u00e9dico del Heroico Cuerpo de Bomberos que arrib\u00f3 al lugar para brindar los\nprimeros auxilios.<\/p>\n\n\n\n<p>Como se\ninform\u00f3 en la ma\u00f1ana, otro individuo fue hallado muerto, atado de pies y\ncubierto de la cabeza, en las cercan\u00edas del antiguo Camino Nacional,\nfraccionamiento Orqu\u00eddeas, jurisdicci\u00f3n de la agencia de Santa Roza Panzacola\nde la capital, colindante con el municipio de San Jacinto Amilpas.<\/p>\n\n\n\n<p>Anoche, la\nv\u00edctima fue identificada como Jorge Antonio C. V., de aproximadamente 25 a\u00f1os\nde edad, vecino de la agencia de Montoya y ayudante de chofer del transporte\nurbano; a\u00fan se desconoce qui\u00e9n o qui\u00e9nes fueron los autores del crimen.<\/p>\n\n\n\n<p>En ambos casos sucedidos en la capital oaxaque\u00f1a, no hay personas detenidas.<\/p>\n\n\n\n<figure class=\"wp-block-embed-twitter wp-block-embed is-type-rich is-provider-twitter\"><div class=\"wp-block-embed__wrapper\">\n<div class=\"twitter-tweet\"><blockquote class=\"twitter-tweet\" data-lang=\"es\"><p lang=\"es\" dir=\"ltr\"><a href=\"https:\/\/twitter.com\/hashtag\/%C3%9AltimoMinuto?src=hash&amp;ref_src=twsrc%5Etfw\">#\u00daltimoMinuto<\/a> <br>Imparable la inseguridad en <a href=\"https:\/\/twitter.com\/hashtag\/Oaxaca?src=hash&amp;ref_src=twsrc%5Etfw\">#Oaxaca<\/a> de Ju\u00e1rez; en los l\u00edmites de la capital con el municipio de San Jacinto Amilpas, localizan esta ma\u00f1ana el cuerpo de un individuo, con signos de ejecuci\u00f3n. <a href=\"https:\/\/t.co\/tx2zBnWLlX\">pic.twitter.com\/tx2zBnWLlX<\/a><\/p>&mdash; Zona Roja Oaxaca (@MexRoja) <a href=\"https:\/\/twitter.com\/MexRoja\/status\/1290285033635291137?ref_src=twsrc%5Etfw\">3 de agosto de 2020<\/a><\/blockquote><\/div>\n<\/div><\/figure>\n","protected":false},"excerpt":{"rendered":"<p>Ismael Garc\u00eda M.\/Zona Roja. Oaxaca de Ju\u00e1rez, Oax., 4 de agosto de 2020.- Dos personas&hellip;<\/p>\n","protected":false},"author":2,"featured_media":15827,"comment_status":"closed","ping_status":"open","sticky":false,"template":"","format":"standard","meta":{"_lmt_disableupdate":"","_lmt_disable":"","_jetpack_memberships_contains_paid_content":false,"footnotes":""},"categories":[109,51],"tags":[148],"class_list":["post-15826","post","type-post","status-publish","format-standard","has-post-thumbnail","hentry","category-minuto-a-minuto","category-zona-roja","tag-oaxaca-de-juarez"],"jetpack_featured_media_url":"https:\/\/zonaroja.com.mx\/wp-content\/uploads\/2020\/08\/Asesinado-ciudad-de-Oaxaca-2.jpg","jetpack_sharing_enabled":true,"_links":{"self":[{"href":"https:\/\/zonaroja.com.mx\/index.php?rest_route=\/wp\/v2\/posts\/15826","targetHints":{"allow":["GET"]}}],"collection":[{"href":"https:\/\/zonaroja.com.mx\/index.php?rest_route=\/wp\/v2\/posts"}],"about":[{"href":"https:\/\/zonaroja.com.mx\/index.php?rest_route=\/wp\/v2\/types\/post"}],"author":[{"embeddable":true,"href":"https:\/\/zonaroja.com.mx\/index.php?rest_route=\/wp\/v2\/users\/2"}],"replies":[{"embeddable":true,"href":"https:\/\/zonaroja.com.mx\/index.php?rest_route=%2Fwp%2Fv2%2Fcomments&post=15826"}],"version-history":[{"count":1,"href":"https:\/\/zonaroja.com.mx\/index.php?rest_route=\/wp\/v2\/posts\/15826\/revisions"}],"predecessor-version":[{"id":15828,"href":"https:\/\/zonaroja.com.mx\/index.php?rest_route=\/wp\/v2\/posts\/15826\/revisions\/15828"}],"wp:featuredmedia":[{"embeddable":true,"href":"https:\/\/zonaroja.com.mx\/index.php?rest_route=\/wp\/v2\/media\/15827"}],"wp:attachment":[{"href":"https:\/\/zonaroja.com.mx\/index.php?rest_route=%2Fwp%2Fv2%2Fmedia&parent=15826"}],"wp:term":[{"taxonomy":"category","embeddable":true,"href":"https:\/\/zonaroja.com.mx\/index.php?rest_route=%2Fwp%2Fv2%2Fcategories&post=15826"},{"taxonomy":"post_tag","embeddable":true,"href":"https:\/\/zonaroja.com.mx\/index.php?rest_route=%2Fwp%2Fv2%2Ftags&post=15826"}],"curies":[{"name":"wp","href":"https:\/\/api.w.org\/{rel}","templated":true}]}}