{"id":15832,"date":"2020-08-04T10:07:32","date_gmt":"2020-08-04T15:07:32","guid":{"rendered":"http:\/\/www.zonaroja.com.mx\/?p=15832"},"modified":"2020-08-04T10:07:36","modified_gmt":"2020-08-04T15:07:36","slug":"ciclo-escolar-en-mexico-sera-por-tv-la-cnte-no-esta-de-acuerdo","status":"publish","type":"post","link":"https:\/\/zonaroja.com.mx\/?p=15832","title":{"rendered":"Ciclo escolar en M\u00e9xico ser\u00e1 por tv; la CNTE no est\u00e1 de acuerdo"},"content":{"rendered":"\n<p>Redacci\u00f3n\/Zona\nRoja Cdmx.<\/p>\n\n\n\n<p>Ciudad de\nM\u00e9xico, 4 de agosto de 2020.- El gobierno de M\u00e9xico anunci\u00f3 el inicio del ciclo\nescolar 2020-2021, el pr\u00f3ximo 24 de agosto, pero a trav\u00e9s de televisoras\nprivadas as\u00ed como el apoyo de la radio.<\/p>\n\n\n\n<p>El anuncio\ninconform\u00f3 a la Coordinadora Nacional de Trabajadores de la Educaci\u00f3n (CNTE),\nque asegur\u00f3 no fueron consultados para tal iniciativa y reproch\u00f3 que se haga\nuso de televisoras que aseguran han atacado al movimiento magisterial.<\/p>\n\n\n\n<p>Seg\u00fan\nanunciaron ayer el Presidente Andr\u00e9s Manuel L\u00f3pez Obrador y el titular de la\nSEP, Esteban Moctezuma, la ense\u00f1anza ser\u00e1 a trav\u00e9s de televisi\u00f3n abierta a\npartir del acuerdo \u201chist\u00f3rico\u201d entre el gobierno federal y los cuatro\nprincipales consorcios televisivos. <\/p>\n\n\n\n<p>Este esquema\nse utilizar\u00e1n seis canales de la televisi\u00f3n privada y p\u00fablica, y atender\u00e1 a 30 millones\nde estudiantes de 16 grados escolares. <\/p>\n\n\n\n<p>Se transmitir\u00e1n de 8 a las 19 horas \u2013con repeticiones posteriores\u2013 m\u00e1s de cuatro mil 550 programas de televisi\u00f3n, acordes con planes y programas de estudio, de educaci\u00f3n inicial, prescolar, primaria, secundaria y bachillerato. <\/p>\n\n\n\n<p>La\nPresidencia de la Rep\u00fablica dio a conocer anoche que en el Acuerdo por la\nEducaci\u00f3n firmado con los cuatro principales consorcios televisivos se pact\u00f3\nque habr\u00eda una inversi\u00f3n federal para cubrir los gastos de operaci\u00f3n y los\nderivados de utilizar 24 horas al d\u00eda cada uno de los canales con el fin de\ndifundir los cursos escolares desde prescolar hasta bachillerato. Las\nautoridades precisaron que se realiz\u00f3 un c\u00e1lculo de 15 pesos por alumno, con el\nimpuesto al valor agregado incluido y sobre la base de cada estudiante regular\ninscrito.<\/p>\n\n\n\n<p>Bajo estos par\u00e1metros, considerando que en el acuerdo se contemplan 30 millones de alumnos que estudian en escuelas p\u00fablicas de los niveles de prescolar, primaria, secundaria y bachillerato, el gasto que realizar\u00eda el gobierno federal por este concepto ascender\u00eda a 450 millones de pesos, y comprender\u00e1 el periodo del 24 de agosto al 18 de diciembre.<\/p>\n\n\n\n<p>SURGEN INCONFORMIDADES<\/p>\n\n\n\n<p>No obstante,\nel inicio del ciclo escolar anunciado, mediante la transmisi\u00f3n de clases en los\ncanales de las principales cadenas privadas de televisi\u00f3n es limitado, pues se\ndeja afuera a un sector de estudiantes en condiciones vulnerables, adem\u00e1s de\nque son medidas en las que no se tom\u00f3 en cuenta a los profesores.<\/p>\n\n\n\n<p>En las\nprimeras reacciones tras el anuncio de la autoridad educativa, Pedro Hern\u00e1ndez\nMorales y Gamaliel Guzm\u00e1n Cruz, secretarios generales de las secciones 9 de la\nCiudad de M\u00e9xico, y 18 de Michoac\u00e1n, pertenecientes a la Coordinadora Nacional de\nTrabajadores de la Educaci\u00f3n (CNTE), se\u00f1alaron su disposici\u00f3n a participar con\npropuestas para iniciar el ciclo de la mejor manera, pero por ahora nos han\ndado solamente un papel de operadores.<\/p>\n\n\n\n<p>Ambos\ndirigentes, entrevistados por separado, insistieron en la necesidad de retomar\nla mesa de di\u00e1logo con el titular del Ejecutivo, a fin de abordar este tema de\nreinicio de clases y otros m\u00e1s que quedaron pendientes en la agenda.<\/p>\n\n\n\n<p>Hern\u00e1ndez\nMorales estim\u00f3 que dadas las carencias de conectividad de Internet de muchos de\nlos actores educativos, el uso de los canales de televisi\u00f3n pueden ayudar a\ncubrir parte de la brecha digital, aunque a\u00fan as\u00ed hay un sector que tampoco\nacceder\u00e1 a ella. Hemos sido enf\u00e1ticos en que la red y ahora la televisi\u00f3n son\nmedios para acceder a conocimientos, pero no sustituyen a las clases\npresenciales, ni a los maestros.<\/p>\n\n\n\n<p>Sin embargo,\nconsider\u00f3 que el problema es que est\u00e1n dejando afuera a los profesores,\nd\u00e1ndoles s\u00f3lo una parte instrumental. Dir\u00edamos como Aprende en casa, la\ntelevisi\u00f3n ense\u00f1a y el maestro revisa. Esto parece ser un gran avance en la\npedagog\u00eda moderna, dijo en tono sarc\u00e1stico.<\/p>\n\n\n\n<p>(Con\ninformaci\u00f3n de \u201cLa Jornada\u201d)<\/p>\n","protected":false},"excerpt":{"rendered":"<p>Redacci\u00f3n\/Zona Roja Cdmx. Ciudad de M\u00e9xico, 4 de agosto de 2020.- El gobierno de M\u00e9xico&hellip;<\/p>\n","protected":false},"author":2,"featured_media":15833,"comment_status":"closed","ping_status":"open","sticky":false,"template":"","format":"standard","meta":{"_lmt_disableupdate":"","_lmt_disable":"","_jetpack_memberships_contains_paid_content":false,"footnotes":""},"categories":[109,47],"tags":[1880,1881],"class_list":["post-15832","post","type-post","status-publish","format-standard","has-post-thumbnail","hentry","category-minuto-a-minuto","category-zona-gris","tag-ciclo-escolar-2020-2021","tag-secretaria-de-educacion-publica-sep"],"jetpack_featured_media_url":"https:\/\/zonaroja.com.mx\/wp-content\/uploads\/2020\/08\/Clases-televisi\u00f3n.jpg","jetpack_sharing_enabled":true,"_links":{"self":[{"href":"https:\/\/zonaroja.com.mx\/index.php?rest_route=\/wp\/v2\/posts\/15832","targetHints":{"allow":["GET"]}}],"collection":[{"href":"https:\/\/zonaroja.com.mx\/index.php?rest_route=\/wp\/v2\/posts"}],"about":[{"href":"https:\/\/zonaroja.com.mx\/index.php?rest_route=\/wp\/v2\/types\/post"}],"author":[{"embeddable":true,"href":"https:\/\/zonaroja.com.mx\/index.php?rest_route=\/wp\/v2\/users\/2"}],"replies":[{"embeddable":true,"href":"https:\/\/zonaroja.com.mx\/index.php?rest_route=%2Fwp%2Fv2%2Fcomments&post=15832"}],"version-history":[{"count":1,"href":"https:\/\/zonaroja.com.mx\/index.php?rest_route=\/wp\/v2\/posts\/15832\/revisions"}],"predecessor-version":[{"id":15834,"href":"https:\/\/zonaroja.com.mx\/index.php?rest_route=\/wp\/v2\/posts\/15832\/revisions\/15834"}],"wp:featuredmedia":[{"embeddable":true,"href":"https:\/\/zonaroja.com.mx\/index.php?rest_route=\/wp\/v2\/media\/15833"}],"wp:attachment":[{"href":"https:\/\/zonaroja.com.mx\/index.php?rest_route=%2Fwp%2Fv2%2Fmedia&parent=15832"}],"wp:term":[{"taxonomy":"category","embeddable":true,"href":"https:\/\/zonaroja.com.mx\/index.php?rest_route=%2Fwp%2Fv2%2Fcategories&post=15832"},{"taxonomy":"post_tag","embeddable":true,"href":"https:\/\/zonaroja.com.mx\/index.php?rest_route=%2Fwp%2Fv2%2Ftags&post=15832"}],"curies":[{"name":"wp","href":"https:\/\/api.w.org\/{rel}","templated":true}]}}