{"id":15838,"date":"2020-08-04T10:56:02","date_gmt":"2020-08-04T15:56:02","guid":{"rendered":"http:\/\/www.zonaroja.com.mx\/?p=15838"},"modified":"2020-08-04T10:56:06","modified_gmt":"2020-08-04T15:56:06","slug":"la-seccion-22-dice-no-a-estrategia-de-la-sep-para-regreso-a-clases","status":"publish","type":"post","link":"https:\/\/zonaroja.com.mx\/?p=15838","title":{"rendered":"La Secci\u00f3n 22 dice no a estrategia de la SEP para regreso a clases"},"content":{"rendered":"\n<p>Evlin\nArag\u00f3n\/Zona Roja.<\/p>\n\n\n\n<p>Oaxaca de\nJu\u00e1rez, Oax., La dirigencia de la Secci\u00f3n 22, adherida a la Coordinadora\nNacional de Trabajadores de la Educaci\u00f3n (CNTE), rechaz\u00f3 el plan de regreso a\nclases a distancia anunciado por la Secretaria de Educaci\u00f3n P\u00fablica, a partir\ndel 24 de agosto, el cual calificaron de propuesta aventurada que no responde\nal inter\u00e9s superior de la ni\u00f1ez de recibir educaci\u00f3n de calidad.<\/p>\n\n\n\n<p>\u201cManifestamos\nque en tanto no existan condiciones de retornar a las aulas no habr\u00e1 cabida a\npropuestas aventuradas que buscan la privatizaci\u00f3n de la educaci\u00f3n porque la\nprioridad sigue siendo la vida, la salud y el bienestar de nuestros\nestudiantes, de maestros y maestras, as\u00ed como de los padres de familia\u201d,\nexpresaron a trav\u00e9s de un posicionamiento p\u00fablico.<\/p>\n\n\n\n<p>De acuerdo\ncon la dirigencia de la gremial, en Oaxaca no existen las condiciones t\u00e9cnicas,\nf\u00edsicas y orogr\u00e1ficas que contribuyan a la recepci\u00f3n de contenidos educativos a\ndistancia en las comunidades marginadas de la entidad, por lo que lejos de ser\nuna opci\u00f3n viable, representa un acto de discriminaci\u00f3n para la ni\u00f1ez.<\/p>\n\n\n\n<p>De igual\nforma, cuestionaron la alianza de la SEP con las diferentes televisoras que\n\u00fanicamente representan un beneficio econ\u00f3mico para las empresas que previamente\nse encontraban en decadencia, dejando de lado la educaci\u00f3n desde una\nperspectiva pedag\u00f3gica para las y los mexicanos.<\/p>\n\n\n\n<p>Reiteraron\nque la imposici\u00f3n de un modelo educativo a distancia desde la televisi\u00f3n no\nbeneficia a la ni\u00f1ez del pa\u00eds, por el contrario, puntualizaron que contar con\nun televisor en el hogar representa en muchas ocasiones un privilegio al que no\ntodas las familias pueden aspirar en una entidad como la oaxaque\u00f1a.<\/p>\n\n\n\n<p>As\u00ed mismo,\nno representa el acceso a contenidos educativos de calidad, porque para hacer\neducaci\u00f3n es necesaria la retroalimentaci\u00f3n y la reflexi\u00f3n desde una pedagog\u00eda\ncr\u00edtica como lo plantea en todo momento su Plan para la Transformaci\u00f3n de la\nEducaci\u00f3n en Oaxaca (PTEO).<\/p>\n\n\n\n<p>Por lo\nanterior insistieron en el rechazo de la estrategia presentada este lunes por\nel titular de la SEP, Esteban Moctezuma, y advirtieron que el gremio no se\nincluir\u00e1 en ocurrencias que pongan por encima de la educaci\u00f3n a las empresas\ntelevisivas.<\/p>\n\n\n\n<p>Finalmente,\ndenunciaron que Tv Azteca, Televisa, Imagen Y Milenio &#8211;empresas con las que\nfirm\u00f3 el acuerdo para impulsar la educaci\u00f3n a distancia&#8211; se han caracterizado\npor golpear fuertemente al magisterio democr\u00e1tico vanagloriando la pol\u00edtica del\npoder y destruyendo lo que en las escuelas, a pesar de las carencias,\nconstruimos.<\/p>\n\n\n\n<p>La gremial record\u00f3\nque las autoridades federales a\u00fan tienen pendiente dar atenci\u00f3n integral a la\npandemia, ya que a m\u00e1s de medio a\u00f1o del surgimiento del virus, no han sabido\nabordar las crisis de salud, educaci\u00f3n y econom\u00eda que ha tra\u00eddo consigo, y por\nel contrario han visto la oportunidad de imponer proyectos en los que no existe\nel consenso de las personas involucradas.<\/p>\n\n\n\n<p>\u201cA m\u00e1s de\nmedio a\u00f1o del surgimiento de este virus no han sabido responder a las\nnecesidades en salud, equipamiento e infraestructura hospitalaria, sin embargo,\ndesde su pol\u00edtica gubernamental han aprovechado la oportunidad para imponer los\nproyectos econ\u00f3micos dirigidos al bienestar de la iniciativa privada en el\nmarco del confinamiento de la clase trabajadora\u201d, se\u00f1alaron.<\/p>\n","protected":false},"excerpt":{"rendered":"<p>Evlin Arag\u00f3n\/Zona Roja. Oaxaca de Ju\u00e1rez, Oax., La dirigencia de la Secci\u00f3n 22, adherida a&hellip;<\/p>\n","protected":false},"author":2,"featured_media":12423,"comment_status":"closed","ping_status":"open","sticky":false,"template":"","format":"standard","meta":{"_lmt_disableupdate":"","_lmt_disable":"","_jetpack_memberships_contains_paid_content":false,"footnotes":""},"categories":[109,47],"tags":[312],"class_list":["post-15838","post","type-post","status-publish","format-standard","has-post-thumbnail","hentry","category-minuto-a-minuto","category-zona-gris","tag-seccion-22-del-snte"],"jetpack_featured_media_url":"https:\/\/zonaroja.com.mx\/wp-content\/uploads\/2020\/05\/Secci\u00f3n22.jpg","jetpack_sharing_enabled":true,"_links":{"self":[{"href":"https:\/\/zonaroja.com.mx\/index.php?rest_route=\/wp\/v2\/posts\/15838","targetHints":{"allow":["GET"]}}],"collection":[{"href":"https:\/\/zonaroja.com.mx\/index.php?rest_route=\/wp\/v2\/posts"}],"about":[{"href":"https:\/\/zonaroja.com.mx\/index.php?rest_route=\/wp\/v2\/types\/post"}],"author":[{"embeddable":true,"href":"https:\/\/zonaroja.com.mx\/index.php?rest_route=\/wp\/v2\/users\/2"}],"replies":[{"embeddable":true,"href":"https:\/\/zonaroja.com.mx\/index.php?rest_route=%2Fwp%2Fv2%2Fcomments&post=15838"}],"version-history":[{"count":1,"href":"https:\/\/zonaroja.com.mx\/index.php?rest_route=\/wp\/v2\/posts\/15838\/revisions"}],"predecessor-version":[{"id":15839,"href":"https:\/\/zonaroja.com.mx\/index.php?rest_route=\/wp\/v2\/posts\/15838\/revisions\/15839"}],"wp:featuredmedia":[{"embeddable":true,"href":"https:\/\/zonaroja.com.mx\/index.php?rest_route=\/wp\/v2\/media\/12423"}],"wp:attachment":[{"href":"https:\/\/zonaroja.com.mx\/index.php?rest_route=%2Fwp%2Fv2%2Fmedia&parent=15838"}],"wp:term":[{"taxonomy":"category","embeddable":true,"href":"https:\/\/zonaroja.com.mx\/index.php?rest_route=%2Fwp%2Fv2%2Fcategories&post=15838"},{"taxonomy":"post_tag","embeddable":true,"href":"https:\/\/zonaroja.com.mx\/index.php?rest_route=%2Fwp%2Fv2%2Ftags&post=15838"}],"curies":[{"name":"wp","href":"https:\/\/api.w.org\/{rel}","templated":true}]}}