{"id":15853,"date":"2020-08-04T15:57:20","date_gmt":"2020-08-04T20:57:20","guid":{"rendered":"http:\/\/www.zonaroja.com.mx\/?p=15853"},"modified":"2020-08-04T15:57:23","modified_gmt":"2020-08-04T20:57:23","slug":"se-van-a-fiesta-se-emborrachan-luego-edil-de-astata-golpea-a-sindico","status":"publish","type":"post","link":"https:\/\/zonaroja.com.mx\/?p=15853","title":{"rendered":"Se van a fiesta, se emborrachan, luego edil de Astata golpea a s\u00edndico"},"content":{"rendered":"\n<p>Yuridiana\nSosa\/Zona Roja.<\/p>\n\n\n\n<p>Oaxaca de\nJu\u00e1rez, Oax., 4 de agosto de 2020.-&nbsp;\nTirado sobre la calle, golpeado, con la camisa ensangrentada y en estado\nde ebriedad, fue localizado el s\u00edndico procurador de Santiago Astata, Timoteo\nHern\u00e1ndez, quien denunci\u00f3 como su agresor al presidente municipal Dorian Ric\u00e1rdez.<\/p>\n\n\n\n<p>La pelea\npresuntamente se origin\u00f3 por algunas diferencias para dirigir el municipio,\nseg\u00fan consta en un audio en el que Timoteo confiesa parte de los hechos\nmientras era atendido por las personas que lo encontraron.<\/p>\n\n\n\n<p>El funcionario\np\u00fablico del municipio de la regi\u00f3n del Istmo de Tehuantepec fue hallado la\nnoche de este lunes acostado en la v\u00eda p\u00fablica, con la camisa blanca llena de\nsangre, desabotonada y algunos golpes en el rostro. <\/p>\n\n\n\n<p>\u201cFue Dorian,\nme agarro, me agarr\u00f3 a v#$%&amp;\u201d dijo el s\u00edndico Procurador de Santiago Astata,\nal relatar con algunas dificultades en hablar, por el estado inconveniente en\nque se encontraba.<\/p>\n\n\n\n<p>Sin\ninterrupci\u00f3n, el hombre continu\u00f3. \u201cYo le digo, oye cabr\u00f3n si no eres t\u00fa soy yo,\npero estaba tomado, quiere ser el mejor, el mayor el primordial, quiere decir\nque \u00e9l hace y deshace, pero no le dije, las cosas no son as\u00ed\u201d.<\/p>\n\n\n\n<p>Algunas\nversiones indicaron que los funcionarios fueron a festejar con bebidas\nembriagantes la inauguraci\u00f3n de la pavimentaci\u00f3n de una calle.<\/p>\n","protected":false},"excerpt":{"rendered":"<p>Yuridiana Sosa\/Zona Roja. Oaxaca de Ju\u00e1rez, Oax., 4 de agosto de 2020.-&nbsp; Tirado sobre la&hellip;<\/p>\n","protected":false},"author":2,"featured_media":15854,"comment_status":"closed","ping_status":"open","sticky":false,"template":"","format":"standard","meta":{"_lmt_disableupdate":"","_lmt_disable":"","_jetpack_memberships_contains_paid_content":false,"footnotes":""},"categories":[109,47],"tags":[1254],"class_list":["post-15853","post","type-post","status-publish","format-standard","has-post-thumbnail","hentry","category-minuto-a-minuto","category-zona-gris","tag-santiago-astata"],"jetpack_featured_media_url":"https:\/\/zonaroja.com.mx\/wp-content\/uploads\/2020\/08\/Borrachos-Astata-1.jpg","jetpack_sharing_enabled":true,"_links":{"self":[{"href":"https:\/\/zonaroja.com.mx\/index.php?rest_route=\/wp\/v2\/posts\/15853","targetHints":{"allow":["GET"]}}],"collection":[{"href":"https:\/\/zonaroja.com.mx\/index.php?rest_route=\/wp\/v2\/posts"}],"about":[{"href":"https:\/\/zonaroja.com.mx\/index.php?rest_route=\/wp\/v2\/types\/post"}],"author":[{"embeddable":true,"href":"https:\/\/zonaroja.com.mx\/index.php?rest_route=\/wp\/v2\/users\/2"}],"replies":[{"embeddable":true,"href":"https:\/\/zonaroja.com.mx\/index.php?rest_route=%2Fwp%2Fv2%2Fcomments&post=15853"}],"version-history":[{"count":1,"href":"https:\/\/zonaroja.com.mx\/index.php?rest_route=\/wp\/v2\/posts\/15853\/revisions"}],"predecessor-version":[{"id":15855,"href":"https:\/\/zonaroja.com.mx\/index.php?rest_route=\/wp\/v2\/posts\/15853\/revisions\/15855"}],"wp:featuredmedia":[{"embeddable":true,"href":"https:\/\/zonaroja.com.mx\/index.php?rest_route=\/wp\/v2\/media\/15854"}],"wp:attachment":[{"href":"https:\/\/zonaroja.com.mx\/index.php?rest_route=%2Fwp%2Fv2%2Fmedia&parent=15853"}],"wp:term":[{"taxonomy":"category","embeddable":true,"href":"https:\/\/zonaroja.com.mx\/index.php?rest_route=%2Fwp%2Fv2%2Fcategories&post=15853"},{"taxonomy":"post_tag","embeddable":true,"href":"https:\/\/zonaroja.com.mx\/index.php?rest_route=%2Fwp%2Fv2%2Ftags&post=15853"}],"curies":[{"name":"wp","href":"https:\/\/api.w.org\/{rel}","templated":true}]}}