{"id":15859,"date":"2020-08-04T16:51:40","date_gmt":"2020-08-04T21:51:40","guid":{"rendered":"http:\/\/www.zonaroja.com.mx\/?p=15859"},"modified":"2020-08-04T16:51:44","modified_gmt":"2020-08-04T21:51:44","slug":"suman-73-muertos-y-3700-heridos-por-explosion-en-beirut","status":"publish","type":"post","link":"https:\/\/zonaroja.com.mx\/?p=15859","title":{"rendered":"Suman 73 muertos y 3,700 heridos por explosi\u00f3n en Beirut"},"content":{"rendered":"\n<p>Redacci\u00f3n\/Zona Roja Cdmx.<\/p>\n\n\n\n<p>Ciudad de M\u00e9xico, 4 de agosto de 2020.- Al menos 73 personas\nhan perdido la vida y tres mil 700 han resultado lesionadas, por la explosi\u00f3n\nocurrida este martes en Beirut, capital del L\u00edbano, en el Medio Oriente.<\/p>\n\n\n\n<p>Un portavoz\ndel Ministerio de Salud que pidi\u00f3 el anonimato confirm\u00f3 telef\u00f3nicamente a la\nagencia EFE la cifra de muertos y de heridos, que han dejado los hospitales de\nla capital libanesa llenos de lesionados.<\/p>\n\n\n\n<p>La explosi\u00f3n se produjo en horas de la tarde en un almac\u00e9n con material explosivo tras un incendio por causas que a\u00fan se desconocen.<\/p>\n\n\n\n<figure class=\"wp-block-embed-twitter wp-block-embed is-type-rich is-provider-twitter\"><div class=\"wp-block-embed__wrapper\">\n<div class=\"twitter-tweet\"><blockquote class=\"twitter-tweet\" data-lang=\"es\"><p lang=\"es\" dir=\"ltr\"><a href=\"https:\/\/twitter.com\/hashtag\/%C3%9AltimaHora?src=hash&amp;ref_src=twsrc%5Etfw\">#\u00daltimaHora<\/a> <br>Por lo menos dos fuertes explosiones se han registrado en el puerto de Beirut, L\u00edbano, en la regi\u00f3n del Medio Oriente. A\u00fan se desconocen las causas y no hay reporte de v\u00edctimas. <a href=\"https:\/\/t.co\/pQbtrFDCyb\">pic.twitter.com\/pQbtrFDCyb<\/a><\/p>&mdash; Zona Roja Oaxaca (@MexRoja) <a href=\"https:\/\/twitter.com\/MexRoja\/status\/1290693943022227458?ref_src=twsrc%5Etfw\">4 de agosto de 2020<\/a><\/blockquote><\/div>\n<\/div><\/figure>\n\n\n\n<p>Testigos\npresenciales indicaron a EFE que hubo rotura de vidrios en viviendas a m\u00e1s de\ncinco kil\u00f3metros de la explosi\u00f3n y que los edificios sufrieron da\u00f1os de diversa\nconsideraci\u00f3n en un radio de m\u00e1s de dos kil\u00f3metros.<\/p>\n\n\n\n<p>Im\u00e1genes\ndifundidas en las redes sociales mostraron el momento en que se produjo la\ndetonaci\u00f3n que provoc\u00f3 una gran nube con forma de hongo elev\u00e1ndose en el cielo\ny una fuerte onda expansiva que ha afectado a varios barrios de la ciudad y ha\nprovocado da\u00f1os materiales.<\/p>\n\n\n\n<p>El director de la Seguridad General libanesa, Ibrahim Abbas, afirm\u00f3 a los medios en una visita al puerto de Beirut que \u201cparece que la explosi\u00f3n ocurri\u00f3 en un almac\u00e9n con material altamente explosivo confiscado desde hace a\u00f1os\u201d.<\/p>\n\n\n\n<figure class=\"wp-block-embed-twitter wp-block-embed is-type-rich is-provider-twitter\"><div class=\"wp-block-embed__wrapper\">\n<div class=\"twitter-tweet\"><blockquote class=\"twitter-tweet\" data-lang=\"es\"><p lang=\"es\" dir=\"ltr\"><a href=\"https:\/\/twitter.com\/hashtag\/%C3%9AltimaHora?src=hash&amp;ref_src=twsrc%5Etfw\">#\u00daltimaHora<\/a> <br>As\u00ed quedaron las calles de <a href=\"https:\/\/twitter.com\/hashtag\/Beirut?src=hash&amp;ref_src=twsrc%5Etfw\">#Beirut<\/a>, <a href=\"https:\/\/twitter.com\/hashtag\/L%C3%ADbano?src=hash&amp;ref_src=twsrc%5Etfw\">#L\u00edbano<\/a>, tras dos fuertes <a href=\"https:\/\/twitter.com\/hashtag\/explosiones?src=hash&amp;ref_src=twsrc%5Etfw\">#explosiones<\/a> cuyas causas a\u00fan se desconocen; hay cerca de 80 personas fallecidas y m\u00e1s de tres mil lesionadas. <a href=\"https:\/\/t.co\/L64gCs3hVV\">pic.twitter.com\/L64gCs3hVV<\/a><\/p>&mdash; Zona Roja Oaxaca (@MexRoja) <a href=\"https:\/\/twitter.com\/MexRoja\/status\/1290766784333844480?ref_src=twsrc%5Etfw\">4 de agosto de 2020<\/a><\/blockquote><\/div>\n<\/div><\/figure>\n\n\n\n<p>Las\nautoridades han dado orden de movilizar al Ej\u00e9rcito, habilitar las\ninstalaciones hospitalarias para la atenci\u00f3n de los heridos y la provisi\u00f3n de\nrefugio a todos aquellos que se han visto desplazados por la deflagraci\u00f3n.<\/p>\n\n\n\n<p>El gobierno\nliban\u00e9s declar\u00f3 un d\u00eda de luto nacional el mi\u00e9rcoles por las v\u00edctimas de la\nexplosi\u00f3n y ha anunciado una investigaci\u00f3n para que los responsables respondan\npor el suceso.<\/p>\n\n\n\n<p>(Informaci\u00f3n\nde la agencia EFE)<\/p>\n","protected":false},"excerpt":{"rendered":"<p>Redacci\u00f3n\/Zona Roja Cdmx. Ciudad de M\u00e9xico, 4 de agosto de 2020.- Al menos 73 personas&hellip;<\/p>\n","protected":false},"author":2,"featured_media":15860,"comment_status":"closed","ping_status":"open","sticky":false,"template":"","format":"standard","meta":{"_lmt_disableupdate":"","_lmt_disable":"","_jetpack_memberships_contains_paid_content":false,"footnotes":""},"categories":[109,47],"tags":[1884],"class_list":["post-15859","post","type-post","status-publish","format-standard","has-post-thumbnail","hentry","category-minuto-a-minuto","category-zona-gris","tag-beirut-libano"],"jetpack_featured_media_url":"https:\/\/zonaroja.com.mx\/wp-content\/uploads\/2020\/08\/Explosi\u00f3n-Beirut.jpg","jetpack_sharing_enabled":true,"_links":{"self":[{"href":"https:\/\/zonaroja.com.mx\/index.php?rest_route=\/wp\/v2\/posts\/15859","targetHints":{"allow":["GET"]}}],"collection":[{"href":"https:\/\/zonaroja.com.mx\/index.php?rest_route=\/wp\/v2\/posts"}],"about":[{"href":"https:\/\/zonaroja.com.mx\/index.php?rest_route=\/wp\/v2\/types\/post"}],"author":[{"embeddable":true,"href":"https:\/\/zonaroja.com.mx\/index.php?rest_route=\/wp\/v2\/users\/2"}],"replies":[{"embeddable":true,"href":"https:\/\/zonaroja.com.mx\/index.php?rest_route=%2Fwp%2Fv2%2Fcomments&post=15859"}],"version-history":[{"count":1,"href":"https:\/\/zonaroja.com.mx\/index.php?rest_route=\/wp\/v2\/posts\/15859\/revisions"}],"predecessor-version":[{"id":15861,"href":"https:\/\/zonaroja.com.mx\/index.php?rest_route=\/wp\/v2\/posts\/15859\/revisions\/15861"}],"wp:featuredmedia":[{"embeddable":true,"href":"https:\/\/zonaroja.com.mx\/index.php?rest_route=\/wp\/v2\/media\/15860"}],"wp:attachment":[{"href":"https:\/\/zonaroja.com.mx\/index.php?rest_route=%2Fwp%2Fv2%2Fmedia&parent=15859"}],"wp:term":[{"taxonomy":"category","embeddable":true,"href":"https:\/\/zonaroja.com.mx\/index.php?rest_route=%2Fwp%2Fv2%2Fcategories&post=15859"},{"taxonomy":"post_tag","embeddable":true,"href":"https:\/\/zonaroja.com.mx\/index.php?rest_route=%2Fwp%2Fv2%2Ftags&post=15859"}],"curies":[{"name":"wp","href":"https:\/\/api.w.org\/{rel}","templated":true}]}}