{"id":15870,"date":"2020-08-04T21:01:44","date_gmt":"2020-08-05T02:01:44","guid":{"rendered":"http:\/\/www.zonaroja.com.mx\/?p=15870"},"modified":"2020-08-04T21:01:47","modified_gmt":"2020-08-05T02:01:47","slug":"respalda-lopez-gatell-iniciativa-de-oaxaca-para-prohibir-de-venta-alimentos-chatarra","status":"publish","type":"post","link":"https:\/\/zonaroja.com.mx\/?p=15870","title":{"rendered":"Respalda L\u00f3pez-Gatell iniciativa de Oaxaca para prohibir de venta alimentos \u00abchatarra\u00bb"},"content":{"rendered":"\n<p>Yuridiana Sosa\/Zona Roja.<\/p>\n\n\n\n<p>Oaxaca de Ju\u00e1rez, Oax., 4 de agosto de\n2020.- El subsecretario de Salud del gobierno de M\u00e9xico, Hugo L\u00f3pez-Gatell\naprob\u00f3 la iniciativa que la 64 Legislatura del Congreso de Oaxaca present\u00f3\nprohibir la distribuci\u00f3n, venta, regalo o suministro de bebidas azucaradas y\nalimentos envasados a los menores de edad.<\/p>\n\n\n\n<p>La diputada por Morena, Magaly\nL\u00f3pez-Dom\u00ednguez, propuso recientemente ante el pleno la adici\u00f3n de un apartado\nal art\u00edculo 20 Bis de la Ley de los Derechos de Ni\u00f1as, Ni\u00f1os y Adolescentes del\nEstado de Oaxaca, para eliminar las formas de una mala en la ni\u00f1ez oaxaque\u00f1a.<\/p>\n\n\n\n<p>Durante la conferencia vespertina de\neste martes, el subsecretario de la Secretar\u00eda de Salud indic\u00f3 que tuvo la\noportunidad de leer la propuesta, e incluso comentar el texto &#8211;por mensajes de\nvoz&#8211; con el presidente de la Junta de Coordinaci\u00f3n Pol\u00edtica (Jucopo) del\nCongreso de Oaxaca, Horacio Sosa.<\/p>\n\n\n\n<p>\u201cEl texto es bueno, es una iniciativa\nacertada\u201d, expres\u00f3 el funcionario federal al cuestionamiento de esta propuesta\nque en otras ocasiones se ha intentado llevar a cabo a nivel nacional, pero que\nhasta ahora no se ha logrado.<\/p>\n\n\n\n<p>L\u00f3pez-Gatell apunt\u00f3 que la iniciativa\nen la 64 Legislatura de Oaxaca es un trabajo paralelo a lo que el gobierno\nmexicano realiza para alcanzar una sana alimentaci\u00f3n en toda la poblaci\u00f3n.<\/p>\n\n\n\n<p>El subsecretario nacional dese\u00f3 un buen\ndestino a la propuesta de los diputados oaxaque\u00f1os para que los menores de edad\nen la entidad tengan una alimentaci\u00f3n m\u00e1s saludable, y que esta no sea afectada\npor intereses pol\u00edticos o empresariales a los que se pueden enfrentar.<\/p>\n\n\n\n<p>El dictamen de dicha iniciativa de ley ser\u00e1\npresentado al pleno este mi\u00e9rcoles durante la sesi\u00f3n ordinaria de la 64\nLegislatura, y se prev\u00e9 que se aprobada por la mayor\u00eda de legisladores.<\/p>\n\n\n\n<p>Fue el pasado 29 de julio en sesi\u00f3n\nordinaria, eh que la diputada morenista presentara la propuesta de reforma al\nArt\u00edculo 20 Bis de la Ley de los Derechos de Ni\u00f1as, Ni\u00f1os y Adolescentes del\nEstado de Oaxaca.<\/p>\n","protected":false},"excerpt":{"rendered":"<p>Yuridiana Sosa\/Zona Roja. Oaxaca de Ju\u00e1rez, Oax., 4 de agosto de 2020.- El subsecretario de&hellip;<\/p>\n","protected":false},"author":2,"featured_media":15871,"comment_status":"closed","ping_status":"open","sticky":false,"template":"","format":"standard","meta":{"_lmt_disableupdate":"","_lmt_disable":"","_jetpack_memberships_contains_paid_content":false,"footnotes":""},"categories":[109,46],"tags":[192],"class_list":["post-15870","post","type-post","status-publish","format-standard","has-post-thumbnail","hentry","category-minuto-a-minuto","category-zona-blanca","tag-diputada-magaly-lopez-dominguez"],"jetpack_featured_media_url":"https:\/\/zonaroja.com.mx\/wp-content\/uploads\/2020\/08\/Hugo-L\u00f3pez-Gatell.png","jetpack_sharing_enabled":true,"_links":{"self":[{"href":"https:\/\/zonaroja.com.mx\/index.php?rest_route=\/wp\/v2\/posts\/15870","targetHints":{"allow":["GET"]}}],"collection":[{"href":"https:\/\/zonaroja.com.mx\/index.php?rest_route=\/wp\/v2\/posts"}],"about":[{"href":"https:\/\/zonaroja.com.mx\/index.php?rest_route=\/wp\/v2\/types\/post"}],"author":[{"embeddable":true,"href":"https:\/\/zonaroja.com.mx\/index.php?rest_route=\/wp\/v2\/users\/2"}],"replies":[{"embeddable":true,"href":"https:\/\/zonaroja.com.mx\/index.php?rest_route=%2Fwp%2Fv2%2Fcomments&post=15870"}],"version-history":[{"count":1,"href":"https:\/\/zonaroja.com.mx\/index.php?rest_route=\/wp\/v2\/posts\/15870\/revisions"}],"predecessor-version":[{"id":15872,"href":"https:\/\/zonaroja.com.mx\/index.php?rest_route=\/wp\/v2\/posts\/15870\/revisions\/15872"}],"wp:featuredmedia":[{"embeddable":true,"href":"https:\/\/zonaroja.com.mx\/index.php?rest_route=\/wp\/v2\/media\/15871"}],"wp:attachment":[{"href":"https:\/\/zonaroja.com.mx\/index.php?rest_route=%2Fwp%2Fv2%2Fmedia&parent=15870"}],"wp:term":[{"taxonomy":"category","embeddable":true,"href":"https:\/\/zonaroja.com.mx\/index.php?rest_route=%2Fwp%2Fv2%2Fcategories&post=15870"},{"taxonomy":"post_tag","embeddable":true,"href":"https:\/\/zonaroja.com.mx\/index.php?rest_route=%2Fwp%2Fv2%2Ftags&post=15870"}],"curies":[{"name":"wp","href":"https:\/\/api.w.org\/{rel}","templated":true}]}}