{"id":1588,"date":"2019-06-10T22:34:41","date_gmt":"2019-06-11T03:34:41","guid":{"rendered":"http:\/\/www.zonaroja.com.mx\/?p=1588"},"modified":"2019-06-10T22:34:43","modified_gmt":"2019-06-11T03:34:43","slug":"lunes-de-grave-inseguridad-en-el-estado-de-oaxaca","status":"publish","type":"post","link":"https:\/\/zonaroja.com.mx\/?p=1588","title":{"rendered":"Lunes de grave inseguridad en el estado de Oaxaca"},"content":{"rendered":"\n<figure class=\"wp-block-image\"><img decoding=\"async\" src=\"http:\/\/www.zonaroja.com.mx\/wp-content\/uploads\/2019\/06\/IMG_8725-1024x768.jpg\" alt=\"\" class=\"wp-image-1589\" \/><figcaption>Foto de ilustraci\u00f2n. Agencia Zona Roja<\/figcaption><\/figure>\n\n\n\n<p>Redacci\u00f3n<\/p>\n\n\n\n<p>Oaxaca de\nJu\u00e1rez, Oax.- Autoridades municipales asaltadas en la capital del estado; una\nagresi\u00f3n armada en Mat\u00edas Romero; atraco violento a una ex autoridad municipal\nistme\u00f1a; el robo de un autob\u00fas en la ciudad y un asesinato en la Cuenca, son\nparte de los delitos que ocurrieron este lunes en el estado de Oaxaca.<\/p>\n\n\n\n<p>De acuerdo\ncon reportes de corporaciones de seguridad p\u00fablica, por la ma\u00f1ana en El Espinal\nfue asaltado el ex presidente de ese municipio, Ra\u00fal Ben\u00edtez Meza, cuando se\ndirig\u00eda a realizar un dep\u00f3sito a una sucursal bancaria.<\/p>\n\n\n\n<p>Al\nresistirse al atraco, fue herido de bala tras lo cual los delincuentes se\ndieron a la fuga, con un bot\u00edn aproximado de 500 mil pesos, seg\u00fan refiri\u00f3 a las\nautoridades.<\/p>\n\n\n\n<p>Por la tarde\nen la ciudad de Oaxaca, fueron asaltadas autoridades de San Pedro Quiatoni,\nTlacolula, cuando circulaban sobre el bulevar Eduardo Mata; al menos dos\nsujetos a bordo de una motocicleta los interceptaron y les quitaron una mochila\ncon al menos 100 mil pesos, tras lo cual huyeron, pero antes lesionaron de un\ndisparo a un edil.<\/p>\n\n\n\n<p>Tambi\u00e9n en\nla capital, individuos armados interceptaron al chofer de un autob\u00fas del\ntransporte p\u00fablico y le quitaron la unidad de motor, adem\u00e1s de sus\npertenencias, en inmediaciones del hospital \u201cPresidente Ju\u00e1rez\u201d del ISSSTE.<\/p>\n\n\n\n<p>La unidad de\nla l\u00ednea Choferes del Sur, con n\u00famero econ\u00f3mico A-005 fue localizada horas m\u00e1s\ntarde en inmediaciones de San Felipe del Agua pero ya estaba desvalijada.<\/p>\n\n\n\n<p>En Mat\u00edas\nRomero Avenda\u00f1o, municipio del Istmo ayer lunes fue atacado a balazos un\nindividuo en el centro de dicha poblaci\u00f3n; el hombre pudo parapetarse en un\nlocal comercial por lo que sali\u00f3 ileso. En ese mismo municipio pero en la\ncomunidad de Palomares, fue asesinada ayer una persona.<\/p>\n\n\n\n<p>En San\nMiguel Soyaltepec, sujetos armados dispararon en contra de los ocupantes de un\nveh\u00edculo marca Ford, tipo Fiesta, lo que dej\u00f3 como saldo una persona fallecida\ny otra lesionada. <\/p>\n\n\n\n<p>Los hechos\nsucedieron en el tramo carretero La Granja-Temascal, y la v\u00edctima fue\nidentificada como Eulalio Cruz Moran, de 38 a\u00f1os de edad, originario y vecino\nde la Reformita, San Miguel Soyaltepec; el herido se identific\u00f3 como Margarito\nCer\u00f3n Mart\u00ednez, quien fue trasladado a un hospital.<\/p>\n","protected":false},"excerpt":{"rendered":"<p>Redacci\u00f3n Oaxaca de Ju\u00e1rez, Oax.- Autoridades municipales asaltadas en la capital del estado; una agresi\u00f3n&hellip;<\/p>\n","protected":false},"author":2,"featured_media":0,"comment_status":"closed","ping_status":"open","sticky":false,"template":"","format":"standard","meta":{"_lmt_disableupdate":"","_lmt_disable":"","_jetpack_memberships_contains_paid_content":false,"footnotes":""},"categories":[51],"tags":[55,58,88,75],"class_list":["post-1588","post","type-post","status-publish","format-standard","hentry","category-zona-roja","tag-inseguridad","tag-oaxaca","tag-seguridad-publica","tag-violencia"],"jetpack_featured_media_url":"","jetpack_sharing_enabled":true,"_links":{"self":[{"href":"https:\/\/zonaroja.com.mx\/index.php?rest_route=\/wp\/v2\/posts\/1588","targetHints":{"allow":["GET"]}}],"collection":[{"href":"https:\/\/zonaroja.com.mx\/index.php?rest_route=\/wp\/v2\/posts"}],"about":[{"href":"https:\/\/zonaroja.com.mx\/index.php?rest_route=\/wp\/v2\/types\/post"}],"author":[{"embeddable":true,"href":"https:\/\/zonaroja.com.mx\/index.php?rest_route=\/wp\/v2\/users\/2"}],"replies":[{"embeddable":true,"href":"https:\/\/zonaroja.com.mx\/index.php?rest_route=%2Fwp%2Fv2%2Fcomments&post=1588"}],"version-history":[{"count":1,"href":"https:\/\/zonaroja.com.mx\/index.php?rest_route=\/wp\/v2\/posts\/1588\/revisions"}],"predecessor-version":[{"id":1590,"href":"https:\/\/zonaroja.com.mx\/index.php?rest_route=\/wp\/v2\/posts\/1588\/revisions\/1590"}],"wp:attachment":[{"href":"https:\/\/zonaroja.com.mx\/index.php?rest_route=%2Fwp%2Fv2%2Fmedia&parent=1588"}],"wp:term":[{"taxonomy":"category","embeddable":true,"href":"https:\/\/zonaroja.com.mx\/index.php?rest_route=%2Fwp%2Fv2%2Fcategories&post=1588"},{"taxonomy":"post_tag","embeddable":true,"href":"https:\/\/zonaroja.com.mx\/index.php?rest_route=%2Fwp%2Fv2%2Ftags&post=1588"}],"curies":[{"name":"wp","href":"https:\/\/api.w.org\/{rel}","templated":true}]}}