{"id":15884,"date":"2020-08-05T07:49:57","date_gmt":"2020-08-05T12:49:57","guid":{"rendered":"http:\/\/www.zonaroja.com.mx\/?p=15884"},"modified":"2020-08-05T07:50:01","modified_gmt":"2020-08-05T12:50:01","slug":"insensible-titular-de-la-smo-su-carrera-politica-por-encima-de-las-mujeres","status":"publish","type":"post","link":"https:\/\/zonaroja.com.mx\/?p=15884","title":{"rendered":"Insensible titular de la SMO, su carrera pol\u00edtica por encima de las mujeres"},"content":{"rendered":"\n<p>Soledad Jarqu\u00edn Edgar\/SemM\u00e9xico<\/p>\n\n\n\n<p>Oaxaca de Ju\u00e1rez, Oax., 5 de agosto de\n2020.- En plena pandemia por Covid-19 y la llamada \u201cpandemia sombra\u201d de la\nviolencia contra las mujeres, la titular de la Secretar\u00eda de las Mujeres &nbsp;de Oaxaca (SMO), Ana Isabel V\u00e1squez Colmenares\nGuzm\u00e1m, aparece en la portada de una revista local, acompa\u00f1ada de su equipo de\ncolaboradoras cercanas, lo que ha sido calificado como una falta de\nsensibilidad pol\u00edtica, que busca visibilidad a prop\u00f3sito del pr\u00f3ximo proceso\nelectoral que en Oaxaca habr\u00e1 de iniciar en diciembre.<\/p>\n\n\n\n<p>La falta de resultados en su quehacer\nal frente de la SMO, contrasta con la actividad emprendida por la titular de\nesa dependencia, Ana Isabel V\u00e1squez Colmenares, quien adem\u00e1s es una activa\npromotora del grupo 50+1, que en el caso de esta entidad est\u00e1 integrada por\nmilitantes del PRI, del PAN y una del PRD, as\u00ed como funcionarias p\u00fablicas del\ngobierno estatal, entre otras, y en cuya apertura \u201coficial\u201d v\u00eda zoom estuvo\npresente el gobernador Alejandro Murat y la senadora morenista Susana Harp,\ncomo invitados especiales.<\/p>\n\n\n\n<p>Para la defensora de derechos humanos y\nfeminista Y\u00e9sica S\u00e1nchez L\u00f3pez, la acci\u00f3n emprendida por V\u00e1squez Colmenares es\nuna muestra de que la SMO est\u00e1 dirigido por un perfil equivocado, \u201cla tercera\nequivocaci\u00f3n del gobernador Alejandro Murat en esa instancia\u201d y que se niega a\nreconocer.<\/p>\n\n\n\n<p>Es grave, dice la tambi\u00e9n directora de\nConsorcio Oaxaca, quien sostiene que la violencia de g\u00e9nero contra las mujeres\nen esta entidad no cambiar\u00e1 en tanto a la titular de la SMO solo le interese el\n\u201crating\u201d medi\u00e1tico y no las soluciones de fondo a un problema que le sigue\ncostando la vida a las mujeres por la desatenci\u00f3n, omisi\u00f3n, pero sobre todo\nactos de simulaci\u00f3n en sus tareas fundamentales.<\/p>\n\n\n\n<p>En ese mismo sentido, B\u00e1rbara Garc\u00eda Ch\u00e1vez,\ntambi\u00e9n feminista, afirma que la funcionaria no cumple con las tareas\ndeterminadas por ministerio de ley, su prioridad no son las mujeres, la\nigualdad o que tengan una vida libre de violencia, sino alcanzar un espectro\nelectoral.<\/p>\n\n\n\n<p>Recuerda que el hecho de aparecer en la\nportada de una revista evoca su pasado en una organizaci\u00f3n denominada Sot\u00e9n,\ndonde ella era socia al igual que Rosario Robles, actualmente en detenci\u00f3n\npreventiva por la denominada \u201cEstafa Maestra\u201d, donde buscaban hacer visibles a\nlas mujeres con aspiraciones pol\u00edticas solo a trav\u00e9s de su imagen.<\/p>\n\n\n\n<p>La diputada Elisa Zepeda Lagunas expone\nque en tiempos tan dif\u00edciles como los que vive la humanidad, y en especial las\nmujeres como resultado de los efectos del confinamiento sanitario, es\nsimplemente una actitud ofensiva.<\/p>\n\n\n\n<p>La legisladora del Partido Movimiento\nde Regeneraci\u00f3n Nacional cuestiona la permanente actitud de V\u00e1squez Colmenares\nde subir fotos, pero no dar resultados, y ejemplifica con el caso de la\npresidenta municipal de Santa Mar\u00eda Teopoxco a quien dej\u00f3 sola frente a un\nconflicto pol\u00edtico entre priistas que quer\u00edan controlar los recursos\nmunicipales, al grado de que fue agredida f\u00edsicamente. Dice que la funcionaria\nhab\u00eda prometido a la mun\u00edcipe ayudarla y la trajo dando vueltas por medio a\u00f1o.<\/p>\n\n\n\n<p>Sin duda, a\u00f1ade la diputada Zepeda, cambiar\na la titular de la SMO ante la evidente falta de resultado es hoy una cuesti\u00f3n\nde orgullo para el gobernador Alejandro Murat.<\/p>\n\n\n\n<p>En tanto la titular de la SMO posa para\nuna revista, en Oaxaca la Covid-19 ha cobrado la vida de 341 mujeres y 637\nhombres, al corte del 3 de agosto. <\/p>\n\n\n\n<p>La otra pandemia, la pandemia sombra,\nde la violencia feminicida y el feminicidio, no se detienen ni dejan de crecer\nlas cifras como lo demuestran las bases de datos de organizaciones como\nConsorcio Oaxaca https:\/\/bit.ly\/30r5vy3 y GESMujer http:\/\/ow.ly\/rHil30r2EM3<\/p>\n\n\n\n<p>Atender la violencia contra las\nmujeres, la pandemia sombra, es tambi\u00e9n tarea de la Secretar\u00eda de las Mujeres como\nse puede constatar en el decreto de creaci\u00f3n del 17 de octubre de 2016, que\nestablece en el art\u00edculo 46-C https:\/\/n9.cl\/rmqmu tareas que a juicio de las\nentrevistadas no se han cumplido. As\u00ed como las responsabilidades que se\nestablecen en otras leyes estatales.<\/p>\n\n\n\n<p>En ese sentido, las entrevistadas\nsostienen que es contrastante que en Oaxaca no haya resultados, a pesar de\ncontar con recursos p\u00fablicos federales y estatales.<\/p>\n\n\n\n<p>De acuerdo con el Presupuesto Estatal\nde Egresos 2020, cont\u00f3 con 18 millones 290 mil 782.95 pesos y 20.8 millones de\npesos m\u00e1s aprobados por la Federaci\u00f3n (l\u00e9ase Comisi\u00f3n Nacional para Prevenir y\nErradicar la Violencia contra las Mujeres (Conavim) para atender la Alerta de\nViolencia de G\u00e9nero, sin resultados tampoco, de acuerdo con las entrevistadas,\nquienes tambi\u00e9n se\u00f1alan que debe aclarar s\u00ed fue una inserci\u00f3n pagada y qui\u00e9n la\npago, o no.<\/p>\n\n\n\n<p>Ayer circul\u00f3 en redes sociales la\npublicaci\u00f3n de la revista, al mismo tiempo se dio a conocer del asesinato de\nuna ind\u00edgena mazateca en el municipio de Mazatl\u00e1n Villa de Flores, en la regi\u00f3n\nCa\u00f1ada, uno de los 40 municipios declarado en alerta de g\u00e9nero, de acuerdo con\nla corresponsal de SemM\u00e9xico, Patricia Brise\u00f1o.<\/p>\n","protected":false},"excerpt":{"rendered":"<p>Soledad Jarqu\u00edn Edgar\/SemM\u00e9xico Oaxaca de Ju\u00e1rez, Oax., 5 de agosto de 2020.- En plena pandemia&hellip;<\/p>\n","protected":false},"author":2,"featured_media":15886,"comment_status":"closed","ping_status":"open","sticky":false,"template":"","format":"standard","meta":{"_lmt_disableupdate":"","_lmt_disable":"","_jetpack_memberships_contains_paid_content":false,"footnotes":""},"categories":[109,47],"tags":[1886,1887],"class_list":["post-15884","post","type-post","status-publish","format-standard","has-post-thumbnail","hentry","category-minuto-a-minuto","category-zona-gris","tag-ana-isabel-vasquez-colmenares","tag-secretaria-de-las-mujeres-de-oaxaca"],"jetpack_featured_media_url":"https:\/\/zonaroja.com.mx\/wp-content\/uploads\/2020\/08\/Ana-V\u00e1squez-Colmenares.jpg","jetpack_sharing_enabled":true,"_links":{"self":[{"href":"https:\/\/zonaroja.com.mx\/index.php?rest_route=\/wp\/v2\/posts\/15884","targetHints":{"allow":["GET"]}}],"collection":[{"href":"https:\/\/zonaroja.com.mx\/index.php?rest_route=\/wp\/v2\/posts"}],"about":[{"href":"https:\/\/zonaroja.com.mx\/index.php?rest_route=\/wp\/v2\/types\/post"}],"author":[{"embeddable":true,"href":"https:\/\/zonaroja.com.mx\/index.php?rest_route=\/wp\/v2\/users\/2"}],"replies":[{"embeddable":true,"href":"https:\/\/zonaroja.com.mx\/index.php?rest_route=%2Fwp%2Fv2%2Fcomments&post=15884"}],"version-history":[{"count":1,"href":"https:\/\/zonaroja.com.mx\/index.php?rest_route=\/wp\/v2\/posts\/15884\/revisions"}],"predecessor-version":[{"id":15887,"href":"https:\/\/zonaroja.com.mx\/index.php?rest_route=\/wp\/v2\/posts\/15884\/revisions\/15887"}],"wp:featuredmedia":[{"embeddable":true,"href":"https:\/\/zonaroja.com.mx\/index.php?rest_route=\/wp\/v2\/media\/15886"}],"wp:attachment":[{"href":"https:\/\/zonaroja.com.mx\/index.php?rest_route=%2Fwp%2Fv2%2Fmedia&parent=15884"}],"wp:term":[{"taxonomy":"category","embeddable":true,"href":"https:\/\/zonaroja.com.mx\/index.php?rest_route=%2Fwp%2Fv2%2Fcategories&post=15884"},{"taxonomy":"post_tag","embeddable":true,"href":"https:\/\/zonaroja.com.mx\/index.php?rest_route=%2Fwp%2Fv2%2Ftags&post=15884"}],"curies":[{"name":"wp","href":"https:\/\/api.w.org\/{rel}","templated":true}]}}