{"id":15895,"date":"2020-08-05T15:10:22","date_gmt":"2020-08-05T20:10:22","guid":{"rendered":"http:\/\/www.zonaroja.com.mx\/?p=15895"},"modified":"2020-08-05T15:10:26","modified_gmt":"2020-08-05T20:10:26","slug":"oaxaca-pionera-aprueba-congreso-prohibir-venta-de-alimentos-chatarra-a-menores","status":"publish","type":"post","link":"https:\/\/zonaroja.com.mx\/?p=15895","title":{"rendered":"Oaxaca pionera: aprueba Congreso prohibir venta de alimentos \u201cchatarra\u201d a menores"},"content":{"rendered":"\n<p>Yuridiana Sosa\/Zona Roja.<\/p>\n\n\n\n<p>Oaxaca de Ju\u00e1rez, Oax., 5 de agosto de\n2020.- Con 31 votos a favor, la 64 Legislatura del Congreso de Oaxaca aval\u00f3 hoy\nreformas a la Ley de los Derechos de las Ni\u00f1as, Ni\u00f1os y Adolescentes del Estado\nde Oaxaca, para evitar la venta de alimentos \u201cchatarra\u201d a la poblaci\u00f3n infantil\ny garantizar una mejor salud alimentaria, lo que se convierte en el primer\nestado con una ley de este nivel.<\/p>\n\n\n\n<p>Con esta aprobaci\u00f3n se modificar\u00e1 el\nart\u00edculo 20 Bis de dicha ley estatal, en la que quedar\u00e1 establecido prohibir la\ndistribuci\u00f3n, venta, regalo o suministro de bebidas azucaradas y alimentos\nenvasados con alto contenido cal\u00f3rico a los menores de edad.<\/p>\n\n\n\n<p>La propuesta de la diputada por Morena, Magaly L\u00f3pez Dom\u00ednguez, presentada el pasado 29 de julio, fue respaldada por las fracciones parlamentarias del Partido del Trabajo (PT), Encuentro Social (PES) y Mujeres Independientes, y votada en contra del Partido Revolucionario Institucional (PRI)<\/p>\n\n\n\n<figure class=\"wp-block-embed-twitter wp-block-embed is-type-rich is-provider-twitter\"><div class=\"wp-block-embed__wrapper\">\n<div class=\"twitter-tweet\"><blockquote class=\"twitter-tweet\" data-lang=\"es\"><p lang=\"es\" dir=\"ltr\"><a href=\"https:\/\/twitter.com\/hashtag\/%C3%9AltimoMinuto?src=hash&amp;ref_src=twsrc%5Etfw\">#\u00daltimoMinuto<\/a> <a href=\"https:\/\/twitter.com\/hashtag\/OaxacaSaludable?src=hash&amp;ref_src=twsrc%5Etfw\">#OaxacaSaludable<\/a> <br>Con la aprobaci\u00f3n de reformas a la ley para prohibir la venta de alimentos \u201cchatarra\u201d a menores, Oaxaca hace historia, dijo la diputada <a href=\"https:\/\/twitter.com\/Magaly_LopezOax?ref_src=twsrc%5Etfw\">@Magaly_LopezOax<\/a>. El legislador <a href=\"https:\/\/twitter.com\/HoracioSosaOax?ref_src=twsrc%5Etfw\">@HoracioSosaOax<\/a> agradeci\u00f3 el respaldo de sus compa\u00f1eros, incluyendo del PRI. <a href=\"https:\/\/t.co\/OwAVZkCeGb\">pic.twitter.com\/OwAVZkCeGb<\/a><\/p>&mdash; Zona Roja Oaxaca (@MexRoja) <a href=\"https:\/\/twitter.com\/MexRoja\/status\/1291103515520057344?ref_src=twsrc%5Etfw\">5 de agosto de 2020<\/a><\/blockquote><\/div>\n<\/div><\/figure>\n\n\n\n<p>Durante su intervenci\u00f3n, L\u00f3pez\nDom\u00ednguez manifest\u00f3 que con esta reforma se recalca la responsabilidad de los\npadres de familia o tutores sobre la alimentaci\u00f3n de los menores de edad, para\nque deje de ser impuesta por las grandes cadenas comerciales productores de\nalimentos \u201cchatarra\u201d o no sanos.<\/p>\n\n\n\n<p>Recalc\u00f3 que es falso que se afectar\u00e1 la\neconom\u00eda de los oaxaque\u00f1os, o existir\u00e1 cierre de peque\u00f1os comercios, as\u00ed como\ndej\u00f3 en claro que no se perseguir\u00e1 penalmente a los abarroteros.<\/p>\n\n\n\n<p>La reforma establece que esta\nprohibici\u00f3n se aplicar\u00e1 tanto en escuelas p\u00fablicas como privadas, desde\neducaci\u00f3n b\u00e1sico hasta media superior.<\/p>\n\n\n\n<p>Adem\u00e1s, quedar\u00e1 prohibido la\ninstalaci\u00f3n de m\u00e1quinas expendedoras de golosinas y refrescos en todo el\nestado.<\/p>\n\n\n\n<p>\u201cLa salud y la vida no pueden, ni deben ser insumo para alimentar a las empresas fabricantes de alimentos chatarra\u201d, expres\u00f3 la legisladora Magaly L\u00f3pez.<\/p>\n\n\n\n<figure class=\"wp-block-embed-twitter wp-block-embed is-type-rich is-provider-twitter\"><div class=\"wp-block-embed__wrapper\">\n<div class=\"twitter-tweet\"><blockquote class=\"twitter-tweet\" data-lang=\"es\"><p lang=\"es\" dir=\"ltr\"><a href=\"https:\/\/twitter.com\/hashtag\/%C3%9AltimoMinuto?src=hash&amp;ref_src=twsrc%5Etfw\">#\u00daltimoMinuto<\/a> <a href=\"https:\/\/twitter.com\/hashtag\/OaxacaSaludable?src=hash&amp;ref_src=twsrc%5Etfw\">#OaxacaSaludable<\/a><br>La diputada promovente, <a href=\"https:\/\/twitter.com\/Magaly_LopezOax?ref_src=twsrc%5Etfw\">@Magaly_LopezOax<\/a>, ponder\u00f3 la iniciativa que busca prohibir la venta de alimentos \u201cchatarra\u201d a menores de edad; de ninguna manera es contra los comerciantes en peque\u00f1o y mucho menos contra los productos oaxaque\u00f1os, dijo. <a href=\"https:\/\/t.co\/n1yo93U13C\">pic.twitter.com\/n1yo93U13C<\/a><\/p>&mdash; Zona Roja Oaxaca (@MexRoja) <a href=\"https:\/\/twitter.com\/MexRoja\/status\/1291078284126511104?ref_src=twsrc%5Etfw\">5 de agosto de 2020<\/a><\/blockquote><\/div>\n<\/div><\/figure>\n\n\n\n<p>En su oportunidad, la bancada del PRI,\nrepresentada por Yarith Tannos, antepuso la consulta de grupos involucrados en\nesta reforma y con la que asegur\u00f3 afectaciones econ\u00f3micas en medio de la\npandemia por Covid-19.<\/p>\n\n\n\n<p>Afuera del recinto legislativo, un\ngrupo minoritario de supuestos comerciantes realizaron una protesta contra la\nreforma.<\/p>\n\n\n\n<p>Este martes, subsecretario de Salud del\ngobierno de M\u00e9xico, Hugo L\u00f3pez-Gatell aprob\u00f3 p\u00fablicamente, durante la\nconferencia vespertina, la iniciativa en el Congreso Oaxaca.<\/p>\n","protected":false},"excerpt":{"rendered":"<p>Yuridiana Sosa\/Zona Roja. Oaxaca de Ju\u00e1rez, Oax., 5 de agosto de 2020.- Con 31 votos&hellip;<\/p>\n","protected":false},"author":2,"featured_media":15896,"comment_status":"closed","ping_status":"open","sticky":false,"template":"","format":"standard","meta":{"_lmt_disableupdate":"","_lmt_disable":"","_jetpack_memberships_contains_paid_content":false,"footnotes":""},"categories":[109,46],"tags":[213,192],"class_list":["post-15895","post","type-post","status-publish","format-standard","has-post-thumbnail","hentry","category-minuto-a-minuto","category-zona-blanca","tag-64-legislatura-de-oaxaca","tag-diputada-magaly-lopez-dominguez"],"jetpack_featured_media_url":"https:\/\/zonaroja.com.mx\/wp-content\/uploads\/2020\/08\/Magay-L\u00f3pez-ley-chatarra.jpeg","jetpack_sharing_enabled":true,"_links":{"self":[{"href":"https:\/\/zonaroja.com.mx\/index.php?rest_route=\/wp\/v2\/posts\/15895","targetHints":{"allow":["GET"]}}],"collection":[{"href":"https:\/\/zonaroja.com.mx\/index.php?rest_route=\/wp\/v2\/posts"}],"about":[{"href":"https:\/\/zonaroja.com.mx\/index.php?rest_route=\/wp\/v2\/types\/post"}],"author":[{"embeddable":true,"href":"https:\/\/zonaroja.com.mx\/index.php?rest_route=\/wp\/v2\/users\/2"}],"replies":[{"embeddable":true,"href":"https:\/\/zonaroja.com.mx\/index.php?rest_route=%2Fwp%2Fv2%2Fcomments&post=15895"}],"version-history":[{"count":1,"href":"https:\/\/zonaroja.com.mx\/index.php?rest_route=\/wp\/v2\/posts\/15895\/revisions"}],"predecessor-version":[{"id":15897,"href":"https:\/\/zonaroja.com.mx\/index.php?rest_route=\/wp\/v2\/posts\/15895\/revisions\/15897"}],"wp:featuredmedia":[{"embeddable":true,"href":"https:\/\/zonaroja.com.mx\/index.php?rest_route=\/wp\/v2\/media\/15896"}],"wp:attachment":[{"href":"https:\/\/zonaroja.com.mx\/index.php?rest_route=%2Fwp%2Fv2%2Fmedia&parent=15895"}],"wp:term":[{"taxonomy":"category","embeddable":true,"href":"https:\/\/zonaroja.com.mx\/index.php?rest_route=%2Fwp%2Fv2%2Fcategories&post=15895"},{"taxonomy":"post_tag","embeddable":true,"href":"https:\/\/zonaroja.com.mx\/index.php?rest_route=%2Fwp%2Fv2%2Ftags&post=15895"}],"curies":[{"name":"wp","href":"https:\/\/api.w.org\/{rel}","templated":true}]}}