{"id":15898,"date":"2020-08-05T15:51:29","date_gmt":"2020-08-05T20:51:29","guid":{"rendered":"http:\/\/www.zonaroja.com.mx\/?p=15898"},"modified":"2020-08-05T15:51:34","modified_gmt":"2020-08-05T20:51:34","slug":"sin-atencion-de-edil-lleva-mediodia-sitiada-la-ciudad-de-oaxaca","status":"publish","type":"post","link":"https:\/\/zonaroja.com.mx\/?p=15898","title":{"rendered":"Sin atenci\u00f3n de edil, lleva mediod\u00eda sitiada la ciudad de Oaxaca"},"content":{"rendered":"\n<p>Evlin Arag\u00f3n\/Zona Roja.<\/p>\n\n\n\n<p>Oaxaca de Ju\u00e1rez, Oax., 5 de agosto de\n2020- Ante lo que argumentaron como una rotunda falta de atenci\u00f3n por parte las\nautoridades municipales, encabezada por Oswaldo Garc\u00eda Jarqu\u00edn, integrantes del\nFrente de Comvives y Organizaciones Sociales Zona Norte bloquean este mi\u00e9rcoles\nlas principales calles de la ciudad de Oaxaca.<\/p>\n\n\n\n<p>Hasta las 16:00 horas no hab\u00eda ninguna\natenci\u00f3n por parte del gobierno municipal, pese a que desde la semana pasada ya\nhab\u00eda pedido cita con los responsables del ayuntamiento, petici\u00f3n que\nreiteraron hace dos d\u00edas.<\/p>\n\n\n\n<p>Previo a los bloqueos se apoderaron de\nvarias unidades del transporte p\u00fablico para realizar los cortes viales en\nIndependencia, Morelos, Crespo, Hidalgo y D\u00edaz Ordaz, calles que han visto\ninterrumpida la circulaci\u00f3n de veh\u00edculos de forma intermitente debido a la\nprotesta de este d\u00eda.<\/p>\n\n\n\n<p>De acuerdo con las y los manifestantes, no les ha quedado de otra m\u00e1s que salir a las calles, pese a la contingencia sanitaria, debido a la falta de atenci\u00f3n por parte de las autoridades, aunque desde hace una semana se apersonaron en el municipio para solicitar audiencia con el edil.<\/p>\n\n\n\n<figure class=\"wp-block-embed-twitter wp-block-embed is-type-rich is-provider-twitter\"><div class=\"wp-block-embed__wrapper\">\n<div class=\"twitter-tweet\"><blockquote class=\"twitter-tweet\" data-lang=\"es\"><p lang=\"es\" dir=\"ltr\"><a href=\"https:\/\/twitter.com\/hashtag\/%C3%9AltimoMinuto?src=hash&amp;ref_src=twsrc%5Etfw\">#\u00daltimoMinuto<\/a> <br>La ciudad de <a href=\"https:\/\/twitter.com\/hashtag\/Oaxaca?src=hash&amp;ref_src=twsrc%5Etfw\">#Oaxaca<\/a> otra vez sitiada, ahora colonos bloquean calles del Centro Hist\u00f3rico, ante nula respuesta del edil de <a href=\"https:\/\/twitter.com\/MunicipioOaxaca?ref_src=twsrc%5Etfw\">@MunicipioOaxaca<\/a>, <a href=\"https:\/\/twitter.com\/oswaldogarciaj?ref_src=twsrc%5Etfw\">@oswaldogarciaj<\/a>, para atender demandas y dialogar con inconformes. <a href=\"https:\/\/t.co\/D2foiDGvbl\">pic.twitter.com\/D2foiDGvbl<\/a><\/p>&mdash; Zona Roja Oaxaca (@MexRoja) <a href=\"https:\/\/twitter.com\/MexRoja\/status\/1291036701758906368?ref_src=twsrc%5Etfw\">5 de agosto de 2020<\/a><\/blockquote><\/div>\n<\/div><\/figure>\n\n\n\n<p>\u201cHemos sido muy respetuosos,\ndesafortunadamente nos hemos visto en la necesidad de ejercer nuestro derecho\nde esta manera, las autoridades municipales se han negado a escucharnos a pesar\nde seguir los protocolos para obtener una audiencia con el edil\u201d, refiri\u00f3\nSalvador P\u00e9rez L\u00f3pez del Comit\u00e9 de Vida Vecinal de la colonia Volcanes.<\/p>\n\n\n\n<p>En conferencia de prensa, manifest\u00f3 que\ncuentan con la documentaci\u00f3n que da fe de las diferentes solicitudes de obra\np\u00fablica realizadas desde el mes de febrero ante las diferentes \u00e1reas del\nayuntamiento, adem\u00e1s de la solicitud de di\u00e1logo recurrente que han realizado.<\/p>\n\n\n\n<p>P\u00e9rez L\u00f3pez record\u00f3 que sus demandas\nconsisten en ser incluidos en la priorizaci\u00f3n de obra del ejercicio fiscal\n2020, la reactivaci\u00f3n econ\u00f3mica integral para todas las colonias y un mayor\ncompromiso en el combate a la inseguridad, que se ha convertido en un verdadero\nproblema en la capital en los \u00faltimos meses.<\/p>\n\n\n\n<p>Finalmente anunci\u00f3 que intensificaran\nsus protestas a fin de que la ciudadan\u00eda sepa lo que sucede en la zona norte de\nla capital, pero de forma particular la falta de atenci\u00f3n de la autoridad\nencargada de la planeaci\u00f3n y ejecuci\u00f3n de la obra p\u00fablica de todo el municipio.<\/p>\n\n\n\n<p>El frente, de reciente creaci\u00f3n, est\u00e1\nintegrado por representantes de las colonias Volcanes, Jard\u00edn y la unidad\nhabitacional Ricardo Flores Mag\u00f3n, as\u00ed como de las organizaciones Carnales\nUnidos de Oaxaca, Sectores Unidos y la Red de Mujeres Oaxaque\u00f1as.<\/p>\n","protected":false},"excerpt":{"rendered":"<p>Evlin Arag\u00f3n\/Zona Roja. Oaxaca de Ju\u00e1rez, Oax., 5 de agosto de 2020- Ante lo que&hellip;<\/p>\n","protected":false},"author":2,"featured_media":15899,"comment_status":"closed","ping_status":"open","sticky":false,"template":"","format":"standard","meta":{"_lmt_disableupdate":"","_lmt_disable":"","_jetpack_memberships_contains_paid_content":false,"footnotes":""},"categories":[109,47],"tags":[148,115],"class_list":["post-15898","post","type-post","status-publish","format-standard","has-post-thumbnail","hentry","category-minuto-a-minuto","category-zona-gris","tag-oaxaca-de-juarez","tag-oswaldo-garcia-jarquin"],"jetpack_featured_media_url":"https:\/\/zonaroja.com.mx\/wp-content\/uploads\/2020\/08\/Bloqueos-ciudad-de-Oaxaca.jpg","jetpack_sharing_enabled":true,"_links":{"self":[{"href":"https:\/\/zonaroja.com.mx\/index.php?rest_route=\/wp\/v2\/posts\/15898","targetHints":{"allow":["GET"]}}],"collection":[{"href":"https:\/\/zonaroja.com.mx\/index.php?rest_route=\/wp\/v2\/posts"}],"about":[{"href":"https:\/\/zonaroja.com.mx\/index.php?rest_route=\/wp\/v2\/types\/post"}],"author":[{"embeddable":true,"href":"https:\/\/zonaroja.com.mx\/index.php?rest_route=\/wp\/v2\/users\/2"}],"replies":[{"embeddable":true,"href":"https:\/\/zonaroja.com.mx\/index.php?rest_route=%2Fwp%2Fv2%2Fcomments&post=15898"}],"version-history":[{"count":1,"href":"https:\/\/zonaroja.com.mx\/index.php?rest_route=\/wp\/v2\/posts\/15898\/revisions"}],"predecessor-version":[{"id":15900,"href":"https:\/\/zonaroja.com.mx\/index.php?rest_route=\/wp\/v2\/posts\/15898\/revisions\/15900"}],"wp:featuredmedia":[{"embeddable":true,"href":"https:\/\/zonaroja.com.mx\/index.php?rest_route=\/wp\/v2\/media\/15899"}],"wp:attachment":[{"href":"https:\/\/zonaroja.com.mx\/index.php?rest_route=%2Fwp%2Fv2%2Fmedia&parent=15898"}],"wp:term":[{"taxonomy":"category","embeddable":true,"href":"https:\/\/zonaroja.com.mx\/index.php?rest_route=%2Fwp%2Fv2%2Fcategories&post=15898"},{"taxonomy":"post_tag","embeddable":true,"href":"https:\/\/zonaroja.com.mx\/index.php?rest_route=%2Fwp%2Fv2%2Ftags&post=15898"}],"curies":[{"name":"wp","href":"https:\/\/api.w.org\/{rel}","templated":true}]}}