{"id":15902,"date":"2020-08-05T18:51:23","date_gmt":"2020-08-05T23:51:23","guid":{"rendered":"http:\/\/www.zonaroja.com.mx\/?p=15902"},"modified":"2020-08-05T18:51:27","modified_gmt":"2020-08-05T23:51:27","slug":"denuncian-que-alcaldesa-de-silacayoapam-impide-el-servicio-de-transporte-publico","status":"publish","type":"post","link":"https:\/\/zonaroja.com.mx\/?p=15902","title":{"rendered":"Denuncian que alcaldesa de Silacayo\u00e1pam impide el servicio de transporte p\u00fablico"},"content":{"rendered":"\n<p>Redacci\u00f3n\/Zona Roja.<\/p>\n\n\n\n<p>Oaxaca de Ju\u00e1rez, Oax., 5 de agosto de\n2020.- Transportistas de la regi\u00f3n Mixteca denunciaron que la presidenta\nmunicipal de Silacayo\u00e1pam, Carmen Silva L\u00f3pez, impide el servicio p\u00fablico en la\nzona, bajo el argumento de la emergencia sanitaria por Covid-19.<\/p>\n\n\n\n<p>Sin ofrecer alternativas a los usuarios\ny concesionarios de las unidades del servicio p\u00fablico, la alcaldesa ha impedido\nel traslado de personas de ese municipio hacia Santiago Juxtlahuaca y hacia\nHuajuapan de Le\u00f3n.<\/p>\n\n\n\n<p>Los transportistas originarios de\nSilacayoapam, aseguraron que estas acciones de la alcaldesa obedecen a acuerdos\ninternos que ha sostenido con la l\u00ednea \u201cTierra del Sol\u201d, para que sean ellos\nquienes entren a cubrir la ruta, haciendo a un lado el inter\u00e9s colectivo de la\nciudadan\u00eda.<\/p>\n\n\n\n<p>\u201cEn medio de la pandemia del coronavirus, donde la falta de recursos ha afectado los bolsillos de todos los ciudadanos, el servicio de un viaje en\u00a0 taxis de Silacayo\u00e1pam\u00a0 a la ciudad de Huajuapan llega a costar hasta mil pesos, mientras que\u00a0 un viaje a\u00a0 Santiago Juxtlahuaca, oscila en 700 pesos, situaci\u00f3n que deja a cualquiera sin poder llegar a estos puntos de la regi\u00f3n\u201d, manifestaron los transportistas.<\/p>\n\n\n\n<figure class=\"wp-block-image\"><img decoding=\"async\" width=\"500\" height=\"375\" src=\"http:\/\/www.zonaroja.com.mx\/wp-content\/uploads\/2020\/08\/Villa-de-Silacayo\u00e1pam-2.jpg\" alt=\"\" class=\"wp-image-15904\" srcset=\"https:\/\/zonaroja.com.mx\/wp-content\/uploads\/2020\/08\/Villa-de-Silacayo\u00e1pam-2.jpg 500w, https:\/\/zonaroja.com.mx\/wp-content\/uploads\/2020\/08\/Villa-de-Silacayo\u00e1pam-2-300x225.jpg 300w\" sizes=\"(max-width: 500px) 100vw, 500px\" \/><\/figure>\n\n\n\n<p>Por tal raz\u00f3n, piden que sean sus\npropios paisanos quienes realicen las corridas a estas zonas y no otras\nempresas que aseguran, s\u00f3lo buscan aprovecharse y hacer su \u201cagosto\u201d con las\nnecesidades de las y los habitantes de esta comunidad.<\/p>\n\n\n\n<p>\u201cNosotros como transportistas de\nSilcayo\u00e1pam queremos&nbsp; contar con dos\ncorridas diarias, y el costo por persona ser\u00eda de ochenta pesos y el pueblo\nest\u00e1 de acuerdo\u201d, indicaron.<\/p>\n\n\n\n<p>Sin embargo, lamentaron el actuar de la\npresidenta municipal Carmen Silva L\u00f3pez, quien en un inicio expusieron, se\nmostr\u00f3 a favor de esta iniciativa y ahora ha condicionado el funcionamiento,\ncon la excusa de la pandemia y aglomeraci\u00f3n de personas.<\/p>\n\n\n\n<p>Denunciaron que en esta contingencia la\npresidenta municipal no ha tenido un plan de trabajo, ya que mientras a unos\nles proh\u00edbe trabajar, la empresa constructora de su esposo contin\u00faa laborando\nsin las medidas sanitarias, lo que contradice su dicho y hecho.<\/p>\n","protected":false},"excerpt":{"rendered":"<p>Redacci\u00f3n\/Zona Roja. Oaxaca de Ju\u00e1rez, Oax., 5 de agosto de 2020.- Transportistas de la regi\u00f3n&hellip;<\/p>\n","protected":false},"author":2,"featured_media":15903,"comment_status":"closed","ping_status":"open","sticky":false,"template":"","format":"standard","meta":{"_lmt_disableupdate":"","_lmt_disable":"","_jetpack_memberships_contains_paid_content":false,"footnotes":""},"categories":[109,47],"tags":[1888],"class_list":["post-15902","post","type-post","status-publish","format-standard","has-post-thumbnail","hentry","category-minuto-a-minuto","category-zona-gris","tag-villa-de-silacayoapam"],"jetpack_featured_media_url":"https:\/\/zonaroja.com.mx\/wp-content\/uploads\/2020\/08\/Villa-de-Silacayo\u00e1pam-1.jpg","jetpack_sharing_enabled":true,"_links":{"self":[{"href":"https:\/\/zonaroja.com.mx\/index.php?rest_route=\/wp\/v2\/posts\/15902","targetHints":{"allow":["GET"]}}],"collection":[{"href":"https:\/\/zonaroja.com.mx\/index.php?rest_route=\/wp\/v2\/posts"}],"about":[{"href":"https:\/\/zonaroja.com.mx\/index.php?rest_route=\/wp\/v2\/types\/post"}],"author":[{"embeddable":true,"href":"https:\/\/zonaroja.com.mx\/index.php?rest_route=\/wp\/v2\/users\/2"}],"replies":[{"embeddable":true,"href":"https:\/\/zonaroja.com.mx\/index.php?rest_route=%2Fwp%2Fv2%2Fcomments&post=15902"}],"version-history":[{"count":1,"href":"https:\/\/zonaroja.com.mx\/index.php?rest_route=\/wp\/v2\/posts\/15902\/revisions"}],"predecessor-version":[{"id":15905,"href":"https:\/\/zonaroja.com.mx\/index.php?rest_route=\/wp\/v2\/posts\/15902\/revisions\/15905"}],"wp:featuredmedia":[{"embeddable":true,"href":"https:\/\/zonaroja.com.mx\/index.php?rest_route=\/wp\/v2\/media\/15903"}],"wp:attachment":[{"href":"https:\/\/zonaroja.com.mx\/index.php?rest_route=%2Fwp%2Fv2%2Fmedia&parent=15902"}],"wp:term":[{"taxonomy":"category","embeddable":true,"href":"https:\/\/zonaroja.com.mx\/index.php?rest_route=%2Fwp%2Fv2%2Fcategories&post=15902"},{"taxonomy":"post_tag","embeddable":true,"href":"https:\/\/zonaroja.com.mx\/index.php?rest_route=%2Fwp%2Fv2%2Ftags&post=15902"}],"curies":[{"name":"wp","href":"https:\/\/api.w.org\/{rel}","templated":true}]}}