{"id":15906,"date":"2020-08-05T19:28:32","date_gmt":"2020-08-06T00:28:32","guid":{"rendered":"http:\/\/www.zonaroja.com.mx\/?p=15906"},"modified":"2020-08-05T20:07:39","modified_gmt":"2020-08-06T01:07:39","slug":"felicita-lopez-gatell-al-congreso-de-oaxaca-por-proteger-salud-de-la-ninez","status":"publish","type":"post","link":"https:\/\/zonaroja.com.mx\/?p=15906","title":{"rendered":"Felicita L\u00f3pez-Gatell al Congreso de Oaxaca por proteger salud de la ni\u00f1ez"},"content":{"rendered":"\n<p>Redacci\u00f3n\/Zona Roja.<\/p>\n\n\n\n<p>Oaxaca de Ju\u00e1rez, Oax., 5 de agosto de\n2020.- El subsecretario de la Secretar\u00eda de Salud federal, Hugo L\u00f3pez Gatell,\nfelicit\u00f3 hoy al Congreso de Oaxaca por aprobar modificaciones a la ley, a fin\nevitar la venta de productos alimenticios \u201cchatarra\u201d a menores de edad.<\/p>\n\n\n\n<p>\u201cCelebro la aprobaci\u00f3n de esta\niniciativa que defiende el inter\u00e9s superior de la ni\u00f1ez. Es un avance en el\ncuidado de la salud desde la prevenci\u00f3n\u201d, escribi\u00f3 el funcionario en su cuenta\nde Twitter.<\/p>\n\n\n\n<p>Expresiones similares tuvo el funcionario federal &#8211;vocero del gobierno federal a la atenci\u00f3n de la pandemia por Covid-19&#8211; esta tarde durante la conferencia vespertina.<\/p>\n\n\n\n<figure class=\"wp-block-embed-twitter wp-block-embed is-type-rich is-provider-twitter\"><div class=\"wp-block-embed__wrapper\">\n<div class=\"twitter-tweet\"><blockquote class=\"twitter-tweet\" data-lang=\"es\"><p lang=\"es\" dir=\"ltr\"><a href=\"https:\/\/twitter.com\/hashtag\/%C3%9AltimoMinuto?src=hash&amp;ref_src=twsrc%5Etfw\">#\u00daltimoMinuto<\/a> <br>El subsecretario de la <a href=\"https:\/\/twitter.com\/SSalud_mx?ref_src=twsrc%5Etfw\">@SSalud_mx<\/a>, <a href=\"https:\/\/twitter.com\/HLGatell?ref_src=twsrc%5Etfw\">@HLGatell<\/a>, felicit\u00f3 a los integrantes del <a href=\"https:\/\/twitter.com\/CongresoOaxLXIV?ref_src=twsrc%5Etfw\">@CongresoOaxLXIV<\/a> por la iniciativa aprobada hoy, que protege la salud de la ni\u00f1ez. \u201cEs un punto que muestra el camino de lo que se puede hacer cuando existe voluntad\u201d, dijo. <a href=\"https:\/\/t.co\/ZiyifqjJQa\">pic.twitter.com\/ZiyifqjJQa<\/a><\/p>&mdash; Zona Roja Oaxaca (@MexRoja) <a href=\"https:\/\/twitter.com\/MexRoja\/status\/1291176785770622978?ref_src=twsrc%5Etfw\">6 de agosto de 2020<\/a><\/blockquote><\/div>\n<\/div><\/figure>\n\n\n\n<p>Este mi\u00e9rcoles, por 31 votos, la 64\nLegislatura aprob\u00f3 reformas y adiciones Ley de los Derechos de las Ni\u00f1as, ni\u00f1os\ny Adolescentes de Oaxaca, para prohibir la venta de bebidas azucaradas y\nalimentos con alto contenido cal\u00f3rico a los menores de edad. <\/p>\n\n\n\n<p>Con ello, se convirti\u00f3 en la primera\nentidad del pa\u00eds en tomar este tipo de determinaci\u00f3n, a fin de proteger la\nsalud de la ni\u00f1ez, ante la crisis en salud por el consumo de alimentos altos en\naz\u00facares y carbohidratos.<\/p>\n\n\n\n<p>Lo anterior a pesar de presiones de\nalgunos sectores comerciales, que aseguraban que con ello se golpear\u00eda la econom\u00eda\nde los peque\u00f1os comerciantes, lo cual fue desmentido por la diputada Magaly\nL\u00f3pez Dom\u00ednguez, autora de la iniciativa.<\/p>\n\n\n\n<p>En la v\u00edspera de la votaci\u00f3n, al menos\n73 organizaciones sociales y civiles nacionales e internacionales respaldaron\nla propuesta, entre ellas la FAO, la ONU y la Unicef.<\/p>\n","protected":false},"excerpt":{"rendered":"<p>Redacci\u00f3n\/Zona Roja. Oaxaca de Ju\u00e1rez, Oax., 5 de agosto de 2020.- El subsecretario de la&hellip;<\/p>\n","protected":false},"author":2,"featured_media":15907,"comment_status":"closed","ping_status":"open","sticky":false,"template":"","format":"standard","meta":{"_lmt_disableupdate":"","_lmt_disable":"","_jetpack_memberships_contains_paid_content":false,"footnotes":""},"categories":[109,46],"tags":[192,1874],"class_list":["post-15906","post","type-post","status-publish","format-standard","has-post-thumbnail","hentry","category-minuto-a-minuto","category-zona-blanca","tag-diputada-magaly-lopez-dominguez","tag-hugo-lopez-gatell"],"jetpack_featured_media_url":"https:\/\/zonaroja.com.mx\/wp-content\/uploads\/2020\/08\/L\u00f3pez-Gatell.jpg","jetpack_sharing_enabled":true,"_links":{"self":[{"href":"https:\/\/zonaroja.com.mx\/index.php?rest_route=\/wp\/v2\/posts\/15906","targetHints":{"allow":["GET"]}}],"collection":[{"href":"https:\/\/zonaroja.com.mx\/index.php?rest_route=\/wp\/v2\/posts"}],"about":[{"href":"https:\/\/zonaroja.com.mx\/index.php?rest_route=\/wp\/v2\/types\/post"}],"author":[{"embeddable":true,"href":"https:\/\/zonaroja.com.mx\/index.php?rest_route=\/wp\/v2\/users\/2"}],"replies":[{"embeddable":true,"href":"https:\/\/zonaroja.com.mx\/index.php?rest_route=%2Fwp%2Fv2%2Fcomments&post=15906"}],"version-history":[{"count":2,"href":"https:\/\/zonaroja.com.mx\/index.php?rest_route=\/wp\/v2\/posts\/15906\/revisions"}],"predecessor-version":[{"id":15909,"href":"https:\/\/zonaroja.com.mx\/index.php?rest_route=\/wp\/v2\/posts\/15906\/revisions\/15909"}],"wp:featuredmedia":[{"embeddable":true,"href":"https:\/\/zonaroja.com.mx\/index.php?rest_route=\/wp\/v2\/media\/15907"}],"wp:attachment":[{"href":"https:\/\/zonaroja.com.mx\/index.php?rest_route=%2Fwp%2Fv2%2Fmedia&parent=15906"}],"wp:term":[{"taxonomy":"category","embeddable":true,"href":"https:\/\/zonaroja.com.mx\/index.php?rest_route=%2Fwp%2Fv2%2Fcategories&post=15906"},{"taxonomy":"post_tag","embeddable":true,"href":"https:\/\/zonaroja.com.mx\/index.php?rest_route=%2Fwp%2Fv2%2Ftags&post=15906"}],"curies":[{"name":"wp","href":"https:\/\/api.w.org\/{rel}","templated":true}]}}