{"id":1591,"date":"2019-06-11T19:28:33","date_gmt":"2019-06-12T00:28:33","guid":{"rendered":"http:\/\/www.zonaroja.com.mx\/?p=1591"},"modified":"2019-06-11T19:28:35","modified_gmt":"2019-06-12T00:28:35","slug":"fiscalia-retira-proteccion-a-periodista-y-pone-en-riesgo-su-vida","status":"publish","type":"post","link":"https:\/\/zonaroja.com.mx\/?p=1591","title":{"rendered":"Fiscal\u00eda retira protecci\u00f3n a periodista y pone en riesgo su vida"},"content":{"rendered":"\n<figure class=\"wp-block-image\"><img decoding=\"async\" width=\"1024\" height=\"768\" src=\"http:\/\/www.zonaroja.com.mx\/wp-content\/uploads\/2019\/06\/Espectacular-Mar\u00eda-del-Sol-1024x768.jpg\" alt=\"\" class=\"wp-image-1592\" srcset=\"https:\/\/zonaroja.com.mx\/wp-content\/uploads\/2019\/06\/Espectacular-Mar\u00eda-del-Sol-1024x768.jpg 1024w, https:\/\/zonaroja.com.mx\/wp-content\/uploads\/2019\/06\/Espectacular-Mar\u00eda-del-Sol-300x225.jpg 300w, https:\/\/zonaroja.com.mx\/wp-content\/uploads\/2019\/06\/Espectacular-Mar\u00eda-del-Sol-768x576.jpg 768w, https:\/\/zonaroja.com.mx\/wp-content\/uploads\/2019\/06\/Espectacular-Mar\u00eda-del-Sol-1170x878.jpg 1170w, https:\/\/zonaroja.com.mx\/wp-content\/uploads\/2019\/06\/Espectacular-Mar\u00eda-del-Sol-1920x1441.jpg 1920w, https:\/\/zonaroja.com.mx\/wp-content\/uploads\/2019\/06\/Espectacular-Mar\u00eda-del-Sol-585x439.jpg 585w\" sizes=\"(max-width: 1024px) 100vw, 1024px\" \/><figcaption>Foto: Especial<\/figcaption><\/figure>\n\n\n\n<p>Redacci\u00f3n<\/p>\n\n\n\n<p>Oaxaca de\nJu\u00e1rez, Oax., a 11 de junio de 2019.- La Fiscal\u00eda General del Estado de Oaxaca\nretir\u00f3 la protecci\u00f3n a la periodista Soledad Jarqu\u00edn Edgar, a pesar de contar\ncon medidas cautelares, debido a las amenazas en su contra por exigir justicia\npara su hija Mar\u00eda del Sol Cruz asesinada el a\u00f1o pasado.<\/p>\n\n\n\n<p>La Red\nNacional de Defensores de Derechos Humanos en M\u00e9xico (RNDDHM) conden\u00f3 de manera\nen\u00e9rgica \u201cel retiro por parte de la Fiscal\u00eda de la guardia a cargo de la\nseguridad de la periodista y defensora, hecho por la que la deja en estado de\nvulnerabilidad\u201d.<\/p>\n\n\n\n<p>Repudi\u00f3\nasimismo el vandalismo y mutilaci\u00f3n de las fotograf\u00edas del gobernador Alejandro\nMurat Hinojosa y el fiscal Rub\u00e9n Vasconcelos M\u00e9ndez, de uno de los\nespectaculares colocados en la carretera al cerro del Fort\u00edn de la ciudad\ncapital.<\/p>\n\n\n\n<p>Desde el fin\nde semana fueron colocados al menos tres espectaculares por parte de familiares\nde Mar\u00eda del Sol Cruz, para exigir justicia y denunciar la omisi\u00f3n de las\nautoridades ministeriales. <\/p>\n\n\n\n<p>Ayer fueron mutiladas\ndos fotograf\u00edas de la lona y hoy amanecieron cortadas todas las fotos de los\nse\u00f1alados, entre ellas la de la fiscal para Delitos Electorales, Araceli Pinelo\nL\u00f3pez, y los hermanos Montero L\u00f3pez, para dejar \u00fanicamente la foto de la\nv\u00edctima. <\/p>\n\n\n\n<p>AUMENTAN\nEXIGENCIAS DE JUSTICIA<\/p>\n\n\n\n<p>Por otra\nparte, en un comunicado, m\u00e1s de 300 organizaciones agrupadas en la Red\nFeminista Nacional (RFN) dirigieron un escrito p\u00fablico a la Fiscal\u00eda General de\nla Rep\u00fablica, la Secretar\u00eda de Gobernaci\u00f3n y a la C\u00e1mara de Diputados, para\nexigir justicia para Mar\u00eda del Sol.<\/p>\n\n\n\n<p>En el documento, demandan a las autoridades federales atraigan la investigaci\u00f3n del triple homicidio ocurrido el 2 de junio de 2018 en Juchit\u00e1n de Zaragoza, adem\u00e1s de otorgar medidas de protecci\u00f3n para la periodista Soledad Jarqu\u00edn, debido a que ha sido objeto de agresiones por demandar justicia para su hija.<\/p>\n\n\n\n<p>\u201cEn el estado de Oaxaca hay impunidad y complicidad, desde el gobernador Alejandro Murat que protege con su silencio e inacci\u00f3n a los hermanos Francisco Javier y Hageo Montero L\u00f3pez, pasando por el fiscal general de Justicia del estado de Oaxaca, Rub\u00e9n Vasconcelos M\u00e9ndez, y por la fiscal especializada en Delitos Electorales, Araceli Pinelo L\u00f3pez.<\/p>\n\n\n\n<figure class=\"wp-block-image\"><img decoding=\"async\" width=\"940\" height=\"788\" src=\"http:\/\/www.zonaroja.com.mx\/wp-content\/uploads\/2019\/06\/Alerta-Red-de-Defensores.jpg\" alt=\"\" class=\"wp-image-1593\" srcset=\"https:\/\/zonaroja.com.mx\/wp-content\/uploads\/2019\/06\/Alerta-Red-de-Defensores.jpg 940w, https:\/\/zonaroja.com.mx\/wp-content\/uploads\/2019\/06\/Alerta-Red-de-Defensores-300x251.jpg 300w, https:\/\/zonaroja.com.mx\/wp-content\/uploads\/2019\/06\/Alerta-Red-de-Defensores-768x644.jpg 768w, https:\/\/zonaroja.com.mx\/wp-content\/uploads\/2019\/06\/Alerta-Red-de-Defensores-585x490.jpg 585w\" sizes=\"(max-width: 940px) 100vw, 940px\" \/><\/figure>\n\n\n\n<p>\u201cQuienes no han hecho m\u00e1s que entorpecer la justicia, con una investigaci\u00f3n sin perspectiva de g\u00e9nero, deficiente y negligente, como lo se\u00f1al\u00f3 el Tribunal Superior de Justicia del Estado de Oaxaca. A un a\u00f1o del triple asesinato, un presunto responsable fue detenido y despu\u00e9s liberado y ahora, solo una persona se encuentra vinculada a Proceso\u201d,\nacusaron.<\/p>\n\n\n\n<p>Insistieron\nen que el homicidio de Mar\u00eda del Sol Cruz y de Pamela Ter\u00e1n sean considerados\nfeminicidios, puesto que se dieron en un contexto de violencia pol\u00edtica de\ng\u00e9nero. <\/p>\n\n\n\n<p>DESCALIFICACIONES\nDE LA FISCAL\u00cdA<\/p>\n\n\n\n<p>\u201cSoledad\nJarqu\u00edn, destacada periodista, ha recibido agresiones y descalificaciones por\nparte del fiscal Vasconcelos, quien ha desacreditado todas las protestas y\nacciones en solidaridad con Jarqu\u00edn Edgar y su familia, por lo que hacemos responsables\nal gobierno estatal de cualquier da\u00f1o que le pueda ocurrir a ella y a su familia\u201d,\nexpusieron. <\/p>\n\n\n\n<p>Al fiscal de\nla Rep\u00fablica, Alejandro Gertz Manero, le pidieron que garantice que no habr\u00e1\nimpunidad. <\/p>\n\n\n\n<p>A la secretaria de Gobernaci\u00f3n, Olga S\u00e1nchez Cordero, a que, como lo ha reiterado, se proteja y garantice la vida de las mujeres, adolescentes y ni\u00f1as, en un contexto de violencia generalizada, en un pa\u00eds donde en los primeros cuatro meses de\neste a\u00f1o se han cometido mil 199 feminicidios.<\/p>\n\n\n\n<p>Al presidente de la Mesa Directiva de la C\u00e1mara de Senadores, Mart\u00ed Batres Guadarrama, a que se someta a votaci\u00f3n la propuesta de Punto de Acuerdo, presentado por la senadora Lorena Villavicencio Ayala, del Grupo Parlamentario de Morena, por el cual se exhorta al titular de la Fiscal\u00eda General de la Rep\u00fablica a ejercer su facultad de atracci\u00f3n en las investigaciones por el asesinato de Mar\u00eda del Sol Cruz\nJarqu\u00edn.<\/p>\n\n\n\n<p>Al subsecretario de Derechos Humanos, Poblaci\u00f3n y Migraci\u00f3n de la Secretar\u00eda de Gobernaci\u00f3n, Alejandro Encinas Rodr\u00edguez, y al jefe de la Unidad para la Defensa de los Derechos Humanos y titular del Mecanismo de Protecci\u00f3n para Personas Defensoras de Derechos Humanos y Periodistas, Aar\u00f3n Mastache Mondrag\u00f3n, a garantizar la seguridad de la periodista Soledad Jarqu\u00edn Edgar, con medidas\neficaces.<\/p>\n","protected":false},"excerpt":{"rendered":"<p>Redacci\u00f3n Oaxaca de Ju\u00e1rez, Oax., a 11 de junio de 2019.- La Fiscal\u00eda General del&hellip;<\/p>\n","protected":false},"author":2,"featured_media":0,"comment_status":"closed","ping_status":"open","sticky":false,"template":"","format":"standard","meta":{"_lmt_disableupdate":"","_lmt_disable":"","_jetpack_memberships_contains_paid_content":false,"footnotes":""},"categories":[1,51],"tags":[60,92,59,91,89,58,90],"class_list":["post-1591","post","type-post","status-publish","format-standard","hentry","category-sin-categoria","category-zona-roja","tag-feminicidio","tag-feministas","tag-fiscalia-general-del-estado","tag-impunidad","tag-justicia-para-sol","tag-oaxaca","tag-soledad-jarquin"],"jetpack_featured_media_url":"","jetpack_sharing_enabled":true,"_links":{"self":[{"href":"https:\/\/zonaroja.com.mx\/index.php?rest_route=\/wp\/v2\/posts\/1591","targetHints":{"allow":["GET"]}}],"collection":[{"href":"https:\/\/zonaroja.com.mx\/index.php?rest_route=\/wp\/v2\/posts"}],"about":[{"href":"https:\/\/zonaroja.com.mx\/index.php?rest_route=\/wp\/v2\/types\/post"}],"author":[{"embeddable":true,"href":"https:\/\/zonaroja.com.mx\/index.php?rest_route=\/wp\/v2\/users\/2"}],"replies":[{"embeddable":true,"href":"https:\/\/zonaroja.com.mx\/index.php?rest_route=%2Fwp%2Fv2%2Fcomments&post=1591"}],"version-history":[{"count":1,"href":"https:\/\/zonaroja.com.mx\/index.php?rest_route=\/wp\/v2\/posts\/1591\/revisions"}],"predecessor-version":[{"id":1594,"href":"https:\/\/zonaroja.com.mx\/index.php?rest_route=\/wp\/v2\/posts\/1591\/revisions\/1594"}],"wp:attachment":[{"href":"https:\/\/zonaroja.com.mx\/index.php?rest_route=%2Fwp%2Fv2%2Fmedia&parent=1591"}],"wp:term":[{"taxonomy":"category","embeddable":true,"href":"https:\/\/zonaroja.com.mx\/index.php?rest_route=%2Fwp%2Fv2%2Fcategories&post=1591"},{"taxonomy":"post_tag","embeddable":true,"href":"https:\/\/zonaroja.com.mx\/index.php?rest_route=%2Fwp%2Fv2%2Ftags&post=1591"}],"curies":[{"name":"wp","href":"https:\/\/api.w.org\/{rel}","templated":true}]}}